{"id":353,"date":"2017-12-04T16:09:52","date_gmt":"2017-12-04T15:09:52","guid":{"rendered":"https:\/\/userpage.fu-berlin.de\/~rober\/blog\/?p=353"},"modified":"2017-12-14T15:31:49","modified_gmt":"2017-12-14T14:31:49","slug":"antifeatures-bei-ubuntu-linux-17-10","status":"publish","type":"post","link":"https:\/\/userpage.fu-berlin.de\/~rober\/blog\/2017\/12\/antifeatures-bei-ubuntu-linux-17-10\/","title":{"rendered":"Antifeatures bei Ubuntu Linux 17.10"},"content":{"rendered":"<p>Zur Verbesserung der Privatsph\u00e4re bei Ubuntu 15.10 hatten wir noch <a href=\"https:\/\/userpage.fu-berlin.de\/~rober\/blog\/2015\/11\/verbesserter-schutz-der-privatsphare-mit-ubuntu\/\">einen l\u00e4nglichen Artikel<\/a>; inzwischen k\u00f6nnen wir erfreut feststellen, dass zumindest in der Standardkonfiguration in 17.10 (dem schlauen Erdferkel) keine Daten \u00fcber unsere Suche nach Kommandos und anderen Dingen an die Betreiber irgendwelcher (Werbe-)Dienste irgendwo im Internet geschickt werden.<\/p>\n<p>Das einzige, was uns geblieben zu sein scheint, ist eine kleine Anwendung, die im Wesentlichen nur einen Link zu Amazon darstellt \u2014 wir finden sie nach der Installation links in der Favoriten-Leiste. Hieraus ist sie, wenn man das m\u00f6chte, leicht zu entfernen: mit einem Rechtsklick darauf das Kontextmen\u00fc \u00f6ffnen und &#8220;Aus Favoriten entfernen&#8221; klicken, fertig.<\/p>\n<p>Um die eigene Installation ganz aufger\u00e4umt zu halten, kann man diese Anwendung dann noch ganz aus dem System entfernen: &#8220;Software&#8221; \u00f6ffnen (auch links in der Favoriten-Leiste, die orangene Einkaufst\u00fcte mit dem &#8220;A&#8221; wie Anwendungen), nach &#8220;Amazon&#8221; suchen (mit der Lupe rechts oben), draufklicken, &#8220;Entfernen&#8221; \u2014 fertig!<\/p>\n<p>Mir selbst ist das so lieber.<\/p>\n<p>Dann m\u00f6chte man vielleicht noch in der &#8220;Aktivit\u00e4tsprotokollverwaltung&#8221; (links unten auf die 9 Kuller klicken, dann unten in der Mitte auf &#8220;Alle&#8221;, dann oben Mitte auf das Ding mit dem gelben runden Pfeil) unter &#8220;Diagnose&#8221; abschalten, dass das System gelegentlich Systeminformationen an Canonical schickt, den Hersteller von Ubuntu Linux. Oder auch nicht. Ich hab&#8217;s abgeschaltet; ich finde nicht, dass die sehen m\u00fcssen, welche Programme bei mir laufen.<\/p>\n","protected":false},"excerpt":{"rendered":"<p>Zur Verbesserung der Privatsph\u00e4re bei Ubuntu 15.10 hatten wir noch einen l\u00e4nglichen Artikel; inzwischen k\u00f6nnen wir erfreut feststellen, dass zumindest in der Standardkonfiguration in 17.10 (dem schlauen Erdferkel) keine Daten \u00fcber unsere Suche nach Kommandos und anderen Dingen an die Betreiber irgendwelcher (Werbe-)Dienste irgendwo im Internet geschickt werden. Das einzige, was uns geblieben zu sein [&hellip;]<\/p>\n","protected":false},"author":46,"featured_media":0,"comment_status":"open","ping_status":"open","sticky":false,"template":"","format":"standard","meta":{"ngg_post_thumbnail":0,"footnotes":""},"categories":[9,19],"tags":[],"_links":{"self":[{"href":"https:\/\/userpage.fu-berlin.de\/~rober\/blog\/wp-json\/wp\/v2\/posts\/353"}],"collection":[{"href":"https:\/\/userpage.fu-berlin.de\/~rober\/blog\/wp-json\/wp\/v2\/posts"}],"about":[{"href":"https:\/\/userpage.fu-berlin.de\/~rober\/blog\/wp-json\/wp\/v2\/types\/post"}],"author":[{"embeddable":true,"href":"https:\/\/userpage.fu-berlin.de\/~rober\/blog\/wp-json\/wp\/v2\/users\/46"}],"replies":[{"embeddable":true,"href":"https:\/\/userpage.fu-berlin.de\/~rober\/blog\/wp-json\/wp\/v2\/comments?post=353"}],"version-history":[{"count":4,"href":"https:\/\/userpage.fu-berlin.de\/~rober\/blog\/wp-json\/wp\/v2\/posts\/353\/revisions"}],"predecessor-version":[{"id":357,"href":"https:\/\/userpage.fu-berlin.de\/~rober\/blog\/wp-json\/wp\/v2\/posts\/353\/revisions\/357"}],"wp:attachment":[{"href":"https:\/\/userpage.fu-berlin.de\/~rober\/blog\/wp-json\/wp\/v2\/media?parent=353"}],"wp:term":[{"taxonomy":"category","embeddable":true,"href":"https:\/\/userpage.fu-berlin.de\/~rober\/blog\/wp-json\/wp\/v2\/categories?post=353"},{"taxonomy":"post_tag","embeddable":true,"href":"https:\/\/userpage.fu-berlin.de\/~rober\/blog\/wp-json\/wp\/v2\/tags?post=353"}],"curies":[{"name":"wp","href":"https:\/\/api.w.org\/{rel}","templated":true}]}}