{"id":284,"date":"2015-09-10T12:51:54","date_gmt":"2015-09-10T11:51:54","guid":{"rendered":"http:\/\/userpage.fu-berlin.de\/~rober\/blog\/?p=284"},"modified":"2015-09-10T16:25:48","modified_gmt":"2015-09-10T15:25:48","slug":"personal-caldav","status":"publish","type":"post","link":"https:\/\/userpage.fu-berlin.de\/~rober\/blog\/2015\/09\/personal-caldav\/","title":{"rendered":"Pers\u00f6nlicher Kalender auf WebDAV.ZEDAT.FU-Berlin.DE"},"content":{"rendered":"<h1>Online-Kalender selbstgemacht<\/h1>\n<h2>CalDAV @ ZEDAT<\/h2>\n<p>Allen FU-Angeh\u00f6rigen stehen diverse Dienste der <a href=\"https:\/\/www.zedat.fu-berlin.de\/\">Zentraleinrichtung f\u00fcr Datenverarbeitung (ZEDAT)<\/a> zur Verf\u00fcgung. Es k\u00f6nnen z.B. von allen Studierenden oder Besch\u00e4ftigten <a href=\"https:\/\/userpage.fu-berlin.de\/\">pers\u00f6nliche Webseiten <\/a>(wie diese hier) angeboten werden oder <a href=\"https:\/\/www.zedat.fu-berlin.de\/Extrablatt_2014-06-17_WebDAV\">Daten per WebDAVs<\/a> &#8220;im Netz&#8221; auf einem pers\u00f6nlichen Speicherbereich abgelegt werden. Letzteres kann dabei f\u00fcr &#8220;ganz normale&#8221; Dateien genutzt werden, die dann vom PC zu Hause, unterwegs vom Laptop oder von einem Pool-Rechner an der Uni aus jederzeit erreichbar sind. Dar\u00fcber hinaus ist es aber auch m\u00f6glich, dort <strong>pers\u00f6nliche Kalenderdaten<\/strong> abzulegen und diesen zentralen Server damit als<strong> eigenen CalDAV Dienst<\/strong> zu gebrauchen.<\/p>\n<p>Als Beispiel soll gezeigt werden, wie mit dem in <a href=\"https:\/\/www.mozilla.org\/thunderbird\/\">Mozilla Thunderbird<\/a> integrierten Kalender-Plugin (Lightning) ein solcher Online-Kalender angelegt und genutzt wird.<\/p>\n<h3>Kalender-Nutzung z.B. mit Thunderbird<\/h3>\n<p>Mozilla Thunderbird ist in erster Linie als <a href=\"https:\/\/www.zedat.fu-berlin.de\/Tip4U_Mail\">E-Mail-Programm<\/a> bekannt und kann f\u00fcr die verbreitetsten Betriebssysteme kostenfrei heruntergeladen und installiert werden. Seit einiger Zeit ist auch eine Kalender- und Aufgaben-Komponente (die fr\u00fcher als Plugin namens &#8220;Lightning&#8221; extra installiert werden musste) bereits integriert.<\/p>\n<h4>Mail \/ Kalender \/ Aufgaben<\/h4>\n<p>Wenn Thunderbird l\u00e4uft, kann \u00fcber die entsprechende Schaltfl\u00e4che (oben rechts) in das &#8220;Kalender-Tab&#8221; umgeschaltet werden.<\/p>\n<figure id=\"attachment_286\" aria-describedby=\"caption-attachment-286\" style=\"width: 300px\" class=\"wp-caption alignnone\"><a href=\"http:\/\/userpage.fu-berlin.de\/~rober\/blog\/wp-content\/uploads\/lightning-01_wechsel-zum-kalender-tab.png\"><img loading=\"lazy\" decoding=\"async\" class=\"size-medium wp-image-286\" src=\"http:\/\/userpage.fu-berlin.de\/~rober\/blog\/wp-content\/uploads\/lightning-01_wechsel-zum-kalender-tab-300x249.png\" alt=\"Thunderbird Screenshot\" width=\"300\" height=\"249\" srcset=\"https:\/\/userpage.fu-berlin.de\/~rober\/blog\/wp-content\/uploads\/lightning-01_wechsel-zum-kalender-tab-300x249.png 300w, https:\/\/userpage.fu-berlin.de\/~rober\/blog\/wp-content\/uploads\/lightning-01_wechsel-zum-kalender-tab.png 982w\" sizes=\"(max-width: 300px) 100vw, 300px\" \/><\/a><figcaption id=\"caption-attachment-286\" class=\"wp-caption-text\">Thunderbird &#8211; Kalender<\/figcaption><\/figure>\n<h4>Anlegen eines neuer Kalenders<\/h4>\n<p>Ein neuer Kalender kann z.B. angelegt werden, indem mit der rechten Maustaste in den leeren Bereich der Kalenderliste (bei der es am Anfang normalerweise nur einen einzigen lokalen pers\u00f6nlichen Kalender geben sollte) geklickt wird. Es \u00f6ffnet sich ein Kontextmen\u00fc aus dem die Option &#8220;Neuer Kalender&#8230;&#8221; ausgew\u00e4hlt wird.<\/p>\n<figure id=\"attachment_287\" aria-describedby=\"caption-attachment-287\" style=\"width: 300px\" class=\"wp-caption alignnone\"><a href=\"http:\/\/userpage.fu-berlin.de\/~rober\/blog\/wp-content\/uploads\/lightning-02_neuer-kalender.png\"><img loading=\"lazy\" decoding=\"async\" class=\"size-medium wp-image-287\" src=\"http:\/\/userpage.fu-berlin.de\/~rober\/blog\/wp-content\/uploads\/lightning-02_neuer-kalender-300x244.png\" alt=\"Thunderbird-Screenshot\" width=\"300\" height=\"244\" srcset=\"https:\/\/userpage.fu-berlin.de\/~rober\/blog\/wp-content\/uploads\/lightning-02_neuer-kalender-300x244.png 300w, https:\/\/userpage.fu-berlin.de\/~rober\/blog\/wp-content\/uploads\/lightning-02_neuer-kalender.png 898w\" sizes=\"(max-width: 300px) 100vw, 300px\" \/><\/a><figcaption id=\"caption-attachment-287\" class=\"wp-caption-text\">Neuer Kalender<\/figcaption><\/figure>\n<h4>Online Kalender<\/h4>\n<p>Statt nun einen ganz normalen Kalender anzulegen (dessen Termine dann nur lokal auf dem Rechner verf\u00fcgbar w\u00e4ren, auf dem dieser Kalender eingerichtet wurde) gibt es die interessantere Variante, einen\u00a0 Kalender &#8220;im Netzwerk&#8221; einzurichten.<\/p>\n<figure id=\"attachment_288\" aria-describedby=\"caption-attachment-288\" style=\"width: 300px\" class=\"wp-caption alignnone\"><a href=\"http:\/\/userpage.fu-berlin.de\/~rober\/blog\/wp-content\/uploads\/lightning-03_neuer-kalender-im-netzwerk.png\"><img loading=\"lazy\" decoding=\"async\" class=\"size-medium wp-image-288\" src=\"http:\/\/userpage.fu-berlin.de\/~rober\/blog\/wp-content\/uploads\/lightning-03_neuer-kalender-im-netzwerk-300x249.png\" alt=\"Thunderbird-Screenshot\" width=\"300\" height=\"249\" srcset=\"https:\/\/userpage.fu-berlin.de\/~rober\/blog\/wp-content\/uploads\/lightning-03_neuer-kalender-im-netzwerk-300x249.png 300w, https:\/\/userpage.fu-berlin.de\/~rober\/blog\/wp-content\/uploads\/lightning-03_neuer-kalender-im-netzwerk.png 580w\" sizes=\"(max-width: 300px) 100vw, 300px\" \/><\/a><figcaption id=\"caption-attachment-288\" class=\"wp-caption-text\">Online &#8211; Kalender<\/figcaption><\/figure>\n<h4>WebDAV.ZEDAT als Speicherplatz<\/h4>\n<p>Als Format des neuen Online-Kalenders sollte &#8220;CalDAV&#8221; und als Adresse die folgende URL eingetragen werden:<\/p>\n<p style=\"text-align: center;\"><strong>https:\/\/webdav.zedat.fu-berlin.de\/.calendars\/calendar\/<\/strong><\/p>\n<p>Die pers\u00f6nlichen Kalenderdaten landen damit im n\u00e4chsten Schritt (nach Authentifizierung mit ZEDAT-Benutzername und -Passwort) im eigenen Speicherbereich auf dem zentralen WebDAVs- (d.h. <a href=\"https:\/\/www.zedat.fu-berlin.de\/Login-Server\">Login-<\/a> und <a href=\"https:\/\/www.zedat.fu-berlin.de\/Userpage\">Userpage-<\/a>) Server und sind fortan mit jedem ans Internet angeschlossenen Ger\u00e4t erreichbar.<\/p>\n<figure id=\"attachment_289\" aria-describedby=\"caption-attachment-289\" style=\"width: 300px\" class=\"wp-caption alignnone\"><a href=\"http:\/\/userpage.fu-berlin.de\/~rober\/blog\/wp-content\/uploads\/lightning-04_neuer-kalender-caldav.png\"><img loading=\"lazy\" decoding=\"async\" class=\"size-medium wp-image-289\" src=\"http:\/\/userpage.fu-berlin.de\/~rober\/blog\/wp-content\/uploads\/lightning-04_neuer-kalender-caldav-300x249.png\" alt=\"Thunderbird-Screenshot\" width=\"300\" height=\"249\" srcset=\"https:\/\/userpage.fu-berlin.de\/~rober\/blog\/wp-content\/uploads\/lightning-04_neuer-kalender-caldav-300x249.png 300w, https:\/\/userpage.fu-berlin.de\/~rober\/blog\/wp-content\/uploads\/lightning-04_neuer-kalender-caldav.png 580w\" sizes=\"(max-width: 300px) 100vw, 300px\" \/><\/a><figcaption id=\"caption-attachment-289\" class=\"wp-caption-text\">CalDAV Server<\/figcaption><\/figure>\n<h4>Farbe und Finetuning<\/h4>\n<p>Es k\u00f6nnen nun noch ein paar Grundeinstellungen zum Kalender nach pers\u00f6nlichem Geschmack angepasst werden. Und damit ist dann die Einrichtung eigentlich auch schon abgeschlossen.<\/p>\n<figure id=\"attachment_290\" aria-describedby=\"caption-attachment-290\" style=\"width: 300px\" class=\"wp-caption alignnone\"><a href=\"http:\/\/userpage.fu-berlin.de\/~rober\/blog\/wp-content\/uploads\/lightning-05_kalender-settings.png\"><img loading=\"lazy\" decoding=\"async\" class=\"size-medium wp-image-290\" src=\"http:\/\/userpage.fu-berlin.de\/~rober\/blog\/wp-content\/uploads\/lightning-05_kalender-settings-300x249.png\" alt=\"Thunderbird-Screenshot\" width=\"300\" height=\"249\" srcset=\"https:\/\/userpage.fu-berlin.de\/~rober\/blog\/wp-content\/uploads\/lightning-05_kalender-settings-300x249.png 300w, https:\/\/userpage.fu-berlin.de\/~rober\/blog\/wp-content\/uploads\/lightning-05_kalender-settings.png 580w\" sizes=\"(max-width: 300px) 100vw, 300px\" \/><\/a><figcaption id=\"caption-attachment-290\" class=\"wp-caption-text\">Kalender &#8211; Eigenschaften<\/figcaption><\/figure>\n<h4>Authentifizierung beim Zugriff<\/h4>\n<p>Der Zugriff zum eigenen Kalender ist \u00fcber die pers\u00f6nlichen Zugangsdaten (Benutzername und Passwort zum FU Account) abgesichert. Wer dem PC, auf dem der Kalender eingerichtet wurde, vertraut und diese Daten nicht bei jedem Abgleich neu eingeben will, kann sie (genau wie beim E-Mail Konto) im integrierten Passwortmanager von Thunderbird speichern lassen.<\/p>\n<figure id=\"attachment_291\" aria-describedby=\"caption-attachment-291\" style=\"width: 300px\" class=\"wp-caption alignnone\"><a href=\"http:\/\/userpage.fu-berlin.de\/~rober\/blog\/wp-content\/uploads\/lightning-06_kalender-auth.png\"><img loading=\"lazy\" decoding=\"async\" class=\"size-medium wp-image-291\" src=\"http:\/\/userpage.fu-berlin.de\/~rober\/blog\/wp-content\/uploads\/lightning-06_kalender-auth-300x111.png\" alt=\"Thunderbird-Screenshot\" width=\"300\" height=\"111\" srcset=\"https:\/\/userpage.fu-berlin.de\/~rober\/blog\/wp-content\/uploads\/lightning-06_kalender-auth-300x111.png 300w, https:\/\/userpage.fu-berlin.de\/~rober\/blog\/wp-content\/uploads\/lightning-06_kalender-auth.png 738w\" sizes=\"(max-width: 300px) 100vw, 300px\" \/><\/a><figcaption id=\"caption-attachment-291\" class=\"wp-caption-text\">Authentifizierung mit Benutzername und Passwort<\/figcaption><\/figure>\n<p>Die Erstellung des neuen Kalenders ist damit erledigt.<\/p>\n<figure id=\"attachment_292\" aria-describedby=\"caption-attachment-292\" style=\"width: 300px\" class=\"wp-caption alignnone\"><a href=\"http:\/\/userpage.fu-berlin.de\/~rober\/blog\/wp-content\/uploads\/lightning-07_kalender-fertig.png\"><img loading=\"lazy\" decoding=\"async\" class=\"size-medium wp-image-292\" src=\"http:\/\/userpage.fu-berlin.de\/~rober\/blog\/wp-content\/uploads\/lightning-07_kalender-fertig-300x249.png\" alt=\"Thunderbird-Screenshot\" width=\"300\" height=\"249\" srcset=\"https:\/\/userpage.fu-berlin.de\/~rober\/blog\/wp-content\/uploads\/lightning-07_kalender-fertig-300x249.png 300w, https:\/\/userpage.fu-berlin.de\/~rober\/blog\/wp-content\/uploads\/lightning-07_kalender-fertig.png 580w\" sizes=\"(max-width: 300px) 100vw, 300px\" \/><\/a><figcaption id=\"caption-attachment-292\" class=\"wp-caption-text\">Einrichtung abgeschlossen<\/figcaption><\/figure>\n<h4>Mein Online-Kalender<\/h4>\n<p>Neue Eintr\u00e4ge, die in diesem Kalender eingetragen werden, landen nun, sobald der Kalender von Thunderbird online synchronisiert wird, auf dem pers\u00f6nlichen CalDAV-Speicherplatz.<\/p>\n<figure id=\"attachment_293\" aria-describedby=\"caption-attachment-293\" style=\"width: 300px\" class=\"wp-caption alignnone\"><a href=\"http:\/\/userpage.fu-berlin.de\/~rober\/blog\/wp-content\/uploads\/lightning-08_kalender-test-eintrag.png\"><img loading=\"lazy\" decoding=\"async\" class=\"size-medium wp-image-293\" src=\"http:\/\/userpage.fu-berlin.de\/~rober\/blog\/wp-content\/uploads\/lightning-08_kalender-test-eintrag-300x290.png\" alt=\"Thunderbird-Screenshot\" width=\"300\" height=\"290\" srcset=\"https:\/\/userpage.fu-berlin.de\/~rober\/blog\/wp-content\/uploads\/lightning-08_kalender-test-eintrag-300x290.png 300w, https:\/\/userpage.fu-berlin.de\/~rober\/blog\/wp-content\/uploads\/lightning-08_kalender-test-eintrag.png 693w\" sizes=\"(max-width: 300px) 100vw, 300px\" \/><\/a><figcaption id=\"caption-attachment-293\" class=\"wp-caption-text\">Neuer Termin f\u00fcr den Online-Kalender<\/figcaption><\/figure>\n<p>Wer mehrere Ger\u00e4te hat, auf denen auf den zentralen Kalender zugegriffen wird, sollte nun \u00c4nderungen an den pers\u00f6nlichen Terminen \u00fcberall angezeigt bekommen, wenn die Synchronisation klappt.<\/p>\n<figure id=\"attachment_294\" aria-describedby=\"caption-attachment-294\" style=\"width: 300px\" class=\"wp-caption alignnone\"><a href=\"http:\/\/userpage.fu-berlin.de\/~rober\/blog\/wp-content\/uploads\/lightning-09_kalender-test-eintrag-ok.png\"><img loading=\"lazy\" decoding=\"async\" class=\"size-medium wp-image-294\" src=\"http:\/\/userpage.fu-berlin.de\/~rober\/blog\/wp-content\/uploads\/lightning-09_kalender-test-eintrag-ok-300x244.png\" alt=\"Thunderbird-Screenshot\" width=\"300\" height=\"244\" srcset=\"https:\/\/userpage.fu-berlin.de\/~rober\/blog\/wp-content\/uploads\/lightning-09_kalender-test-eintrag-ok-300x244.png 300w, https:\/\/userpage.fu-berlin.de\/~rober\/blog\/wp-content\/uploads\/lightning-09_kalender-test-eintrag-ok.png 898w\" sizes=\"(max-width: 300px) 100vw, 300px\" \/><\/a><figcaption id=\"caption-attachment-294\" class=\"wp-caption-text\">Termin im Online-Kalender<\/figcaption><\/figure>\n<p>&nbsp;<\/p>\n<p>&nbsp;<\/p>\n","protected":false},"excerpt":{"rendered":"<p>Online-Kalender selbstgemacht CalDAV @ ZEDAT Allen FU-Angeh\u00f6rigen stehen diverse Dienste der Zentraleinrichtung f\u00fcr Datenverarbeitung (ZEDAT) zur Verf\u00fcgung. Es k\u00f6nnen z.B. von allen Studierenden oder Besch\u00e4ftigten pers\u00f6nliche Webseiten (wie diese hier) angeboten werden oder Daten per WebDAVs &#8220;im Netz&#8221; auf einem pers\u00f6nlichen Speicherbereich abgelegt werden. Letzteres kann dabei f\u00fcr &#8220;ganz normale&#8221; Dateien genutzt werden, die dann [&hellip;]<\/p>\n","protected":false},"author":1,"featured_media":0,"comment_status":"open","ping_status":"open","sticky":false,"template":"","format":"standard","meta":{"ngg_post_thumbnail":0,"footnotes":""},"categories":[11,26,9,10,8],"tags":[53,52,51,31,29],"_links":{"self":[{"href":"https:\/\/userpage.fu-berlin.de\/~rober\/blog\/wp-json\/wp\/v2\/posts\/284"}],"collection":[{"href":"https:\/\/userpage.fu-berlin.de\/~rober\/blog\/wp-json\/wp\/v2\/posts"}],"about":[{"href":"https:\/\/userpage.fu-berlin.de\/~rober\/blog\/wp-json\/wp\/v2\/types\/post"}],"author":[{"embeddable":true,"href":"https:\/\/userpage.fu-berlin.de\/~rober\/blog\/wp-json\/wp\/v2\/users\/1"}],"replies":[{"embeddable":true,"href":"https:\/\/userpage.fu-berlin.de\/~rober\/blog\/wp-json\/wp\/v2\/comments?post=284"}],"version-history":[{"count":6,"href":"https:\/\/userpage.fu-berlin.de\/~rober\/blog\/wp-json\/wp\/v2\/posts\/284\/revisions"}],"predecessor-version":[{"id":299,"href":"https:\/\/userpage.fu-berlin.de\/~rober\/blog\/wp-json\/wp\/v2\/posts\/284\/revisions\/299"}],"wp:attachment":[{"href":"https:\/\/userpage.fu-berlin.de\/~rober\/blog\/wp-json\/wp\/v2\/media?parent=284"}],"wp:term":[{"taxonomy":"category","embeddable":true,"href":"https:\/\/userpage.fu-berlin.de\/~rober\/blog\/wp-json\/wp\/v2\/categories?post=284"},{"taxonomy":"post_tag","embeddable":true,"href":"https:\/\/userpage.fu-berlin.de\/~rober\/blog\/wp-json\/wp\/v2\/tags?post=284"}],"curies":[{"name":"wp","href":"https:\/\/api.w.org\/{rel}","templated":true}]}}