{"id":12407,"date":"2023-07-12T15:42:54","date_gmt":"2023-07-12T13:42:54","guid":{"rendered":"http:\/\/userpage.fu-berlin.de\/melab\/wordpress\/?p=12407"},"modified":"2023-07-13T15:08:19","modified_gmt":"2023-07-13T13:08:19","slug":"eine-ganze-wohngemeinschaft-im-kopf-audio","status":"publish","type":"post","link":"https:\/\/userpage.fu-berlin.de\/melab\/wordpress\/?p=12407","title":{"rendered":"&#8222;Eine ganze WG im Kopf&#8220; (Audio)"},"content":{"rendered":"<p><strong>&#8222;Eine ganze Wohngemeinschaft im Kopf&#8220;: So wird die dissoziative Identit\u00e4tsst\u00f6rung von Betroffenen h\u00e4ufig beschrieben. Einer dieser Betroffenen stellt sich gemeinsam mit einem Psychotherapeuten unseren Fragen. Um aufzukl\u00e4ren, zu informieren, zu repr\u00e4sentieren.<\/strong><\/p>\n<p><!--more--><\/p>\n<!--[if lt IE 9]><script>document.createElement('audio');<\/script><![endif]-->\n<audio class=\"wp-audio-shortcode\" id=\"audio-12407-1\" preload=\"none\" style=\"width: 100%;\" controls=\"controls\"><source type=\"audio\/wav\" src=\"http:\/\/userpage.fu-berlin.de\/melab\/wordpress\/wp-content\/uploads\/2023\/07\/wohngemeinschaft-im-kopf.wav?_=1\" \/><a href=\"http:\/\/userpage.fu-berlin.de\/melab\/wordpress\/wp-content\/uploads\/2023\/07\/wohngemeinschaft-im-kopf.wav\">http:\/\/userpage.fu-berlin.de\/melab\/wordpress\/wp-content\/uploads\/2023\/07\/wohngemeinschaft-im-kopf.wav<\/a><\/audio>\n<p><em>von Rebekka Opitz, Mathis Nicod und Loulou B\u00f6hme<\/em><\/p>\n","protected":false},"excerpt":{"rendered":"<p>&#8222;Eine ganze Wohngemeinschaft im Kopf&#8220;: So wird die dissoziative Identit\u00e4tsst\u00f6rung von Betroffenen h\u00e4ufig beschrieben. Einer dieser Betroffenen stellt sich gemeinsam mit einem Psychotherapeuten unseren Fragen. Um aufzukl\u00e4ren, zu informieren, zu repr\u00e4sentieren.<\/p>\n","protected":false},"author":1,"featured_media":12423,"comment_status":"closed","ping_status":"closed","sticky":false,"template":"","format":"standard","meta":{"ngg_post_thumbnail":0,"_links_to":"","_links_to_target":""},"categories":[498,496,539],"tags":[770,1097,1102,212,1052,1105,1103,1104],"jetpack_featured_media_url":"https:\/\/i0.wp.com\/userpage.fu-berlin.de\/melab\/wordpress\/wp-content\/uploads\/2023\/07\/wohngemeinschaft-im-kopf-e1689253381117.jpeg?fit=1600%2C1064&ssl=1","_links":{"self":[{"href":"https:\/\/userpage.fu-berlin.de\/melab\/wordpress\/index.php?rest_route=\/wp\/v2\/posts\/12407"}],"collection":[{"href":"https:\/\/userpage.fu-berlin.de\/melab\/wordpress\/index.php?rest_route=\/wp\/v2\/posts"}],"about":[{"href":"https:\/\/userpage.fu-berlin.de\/melab\/wordpress\/index.php?rest_route=\/wp\/v2\/types\/post"}],"author":[{"embeddable":true,"href":"https:\/\/userpage.fu-berlin.de\/melab\/wordpress\/index.php?rest_route=\/wp\/v2\/users\/1"}],"replies":[{"embeddable":true,"href":"https:\/\/userpage.fu-berlin.de\/melab\/wordpress\/index.php?rest_route=%2Fwp%2Fv2%2Fcomments&post=12407"}],"version-history":[{"count":2,"href":"https:\/\/userpage.fu-berlin.de\/melab\/wordpress\/index.php?rest_route=\/wp\/v2\/posts\/12407\/revisions"}],"predecessor-version":[{"id":12424,"href":"https:\/\/userpage.fu-berlin.de\/melab\/wordpress\/index.php?rest_route=\/wp\/v2\/posts\/12407\/revisions\/12424"}],"wp:featuredmedia":[{"embeddable":true,"href":"https:\/\/userpage.fu-berlin.de\/melab\/wordpress\/index.php?rest_route=\/wp\/v2\/media\/12423"}],"wp:attachment":[{"href":"https:\/\/userpage.fu-berlin.de\/melab\/wordpress\/index.php?rest_route=%2Fwp%2Fv2%2Fmedia&parent=12407"}],"wp:term":[{"taxonomy":"category","embeddable":true,"href":"https:\/\/userpage.fu-berlin.de\/melab\/wordpress\/index.php?rest_route=%2Fwp%2Fv2%2Fcategories&post=12407"},{"taxonomy":"post_tag","embeddable":true,"href":"https:\/\/userpage.fu-berlin.de\/melab\/wordpress\/index.php?rest_route=%2Fwp%2Fv2%2Ftags&post=12407"}],"curies":[{"name":"wp","href":"https:\/\/api.w.org\/{rel}","templated":true}]}}