{"id":12388,"date":"2023-07-06T15:04:15","date_gmt":"2023-07-06T13:04:15","guid":{"rendered":"http:\/\/userpage.fu-berlin.de\/melab\/wordpress\/?p=12388"},"modified":"2023-07-12T15:25:09","modified_gmt":"2023-07-12T13:25:09","slug":"deepfake-dilemma-wem-gehoert-meine-stimme-wie-ai-die-musikszene-erobert-audio","status":"publish","type":"post","link":"https:\/\/userpage.fu-berlin.de\/melab\/wordpress\/?p=12388","title":{"rendered":"Deepfake Dilemma: Wem geh\u00f6rt meine Stimme? &#8211; Wie AI die Musikszene erobert (Audio)"},"content":{"rendered":"<p><strong>In diesem Beitrag besch\u00e4ftigen wir uns mit der Frage wie AI die Musikszene erobert, unter dem Namen &#8222;Deepfake Dilemma &#8211; Wem geh\u00f6rt meine Stimme?&#8220; Gemeinsam werden wir in diese faszinierende und zugleich verst\u00f6rende Welt der Deepfakes eintauchen.<\/strong><\/p>\n<p><!--more--><\/p>\n<!--[if lt IE 9]><script>document.createElement('audio');<\/script><![endif]-->\n<audio class=\"wp-audio-shortcode\" id=\"audio-12388-1\" preload=\"none\" style=\"width: 100%;\" controls=\"controls\"><source type=\"audio\/wav\" src=\"http:\/\/userpage.fu-berlin.de\/melab\/wordpress\/wp-content\/uploads\/2023\/07\/deepfake-dilemma.wav?_=1\" \/><a href=\"http:\/\/userpage.fu-berlin.de\/melab\/wordpress\/wp-content\/uploads\/2023\/07\/deepfake-dilemma.wav\">http:\/\/userpage.fu-berlin.de\/melab\/wordpress\/wp-content\/uploads\/2023\/07\/deepfake-dilemma.wav<\/a><\/audio>\n<p><img decoding=\"async\" loading=\"lazy\" class=\"size-medium wp-image-12389 alignnone\" src=\"https:\/\/i0.wp.com\/userpage.fu-berlin.de\/melab\/wordpress\/wp-content\/uploads\/2023\/07\/deepfake-dilemma-01.jpeg?resize=300%2C300\" alt=\"Comic Affe mit Gitarre\" width=\"300\" height=\"300\" srcset=\"https:\/\/i0.wp.com\/userpage.fu-berlin.de\/melab\/wordpress\/wp-content\/uploads\/2023\/07\/deepfake-dilemma-01.jpeg?resize=66%2C66&amp;ssl=1 66w, https:\/\/i0.wp.com\/userpage.fu-berlin.de\/melab\/wordpress\/wp-content\/uploads\/2023\/07\/deepfake-dilemma-01.jpeg?resize=150%2C150&amp;ssl=1 150w, https:\/\/i0.wp.com\/userpage.fu-berlin.de\/melab\/wordpress\/wp-content\/uploads\/2023\/07\/deepfake-dilemma-01.jpeg?resize=200%2C200&amp;ssl=1 200w, https:\/\/i0.wp.com\/userpage.fu-berlin.de\/melab\/wordpress\/wp-content\/uploads\/2023\/07\/deepfake-dilemma-01.jpeg?resize=300%2C300&amp;ssl=1 300w, https:\/\/i0.wp.com\/userpage.fu-berlin.de\/melab\/wordpress\/wp-content\/uploads\/2023\/07\/deepfake-dilemma-01.jpeg?resize=400%2C400&amp;ssl=1 400w, https:\/\/i0.wp.com\/userpage.fu-berlin.de\/melab\/wordpress\/wp-content\/uploads\/2023\/07\/deepfake-dilemma-01.jpeg?fit=500%2C500&amp;ssl=1 500w\" sizes=\"(max-width: 300px) 100vw, 300px\" data-recalc-dims=\"1\" \/><\/p>\n<p><em>von Janis Sunshine, Christiane Sieminos und Samy Allozy<\/em><\/p>\n","protected":false},"excerpt":{"rendered":"<p>In diesem Beitrag besch\u00e4ftigen wir uns mit der Frage wie AI die Musikszene erobert, unter dem Namen &#8222;Deepfake Dilemma &#8211; Wem geh\u00f6rt meine Stimme?&#8220; Gemeinsam werden wir in diese faszinierende und zugleich verst\u00f6rende Welt der Deepfakes eintauchen.<\/p>\n","protected":false},"author":1,"featured_media":12392,"comment_status":"closed","ping_status":"closed","sticky":false,"template":"","format":"standard","meta":{"ngg_post_thumbnail":0,"_links_to":"","_links_to_target":""},"categories":[496,539,503],"tags":[1097,1100,1101,877,144,879],"jetpack_featured_media_url":"https:\/\/i0.wp.com\/userpage.fu-berlin.de\/melab\/wordpress\/wp-content\/uploads\/2023\/07\/deepfake-dilemma-02-e1688648802198.png?fit=914%2C607&ssl=1","_links":{"self":[{"href":"https:\/\/userpage.fu-berlin.de\/melab\/wordpress\/index.php?rest_route=\/wp\/v2\/posts\/12388"}],"collection":[{"href":"https:\/\/userpage.fu-berlin.de\/melab\/wordpress\/index.php?rest_route=\/wp\/v2\/posts"}],"about":[{"href":"https:\/\/userpage.fu-berlin.de\/melab\/wordpress\/index.php?rest_route=\/wp\/v2\/types\/post"}],"author":[{"embeddable":true,"href":"https:\/\/userpage.fu-berlin.de\/melab\/wordpress\/index.php?rest_route=\/wp\/v2\/users\/1"}],"replies":[{"embeddable":true,"href":"https:\/\/userpage.fu-berlin.de\/melab\/wordpress\/index.php?rest_route=%2Fwp%2Fv2%2Fcomments&post=12388"}],"version-history":[{"count":3,"href":"https:\/\/userpage.fu-berlin.de\/melab\/wordpress\/index.php?rest_route=\/wp\/v2\/posts\/12388\/revisions"}],"predecessor-version":[{"id":12405,"href":"https:\/\/userpage.fu-berlin.de\/melab\/wordpress\/index.php?rest_route=\/wp\/v2\/posts\/12388\/revisions\/12405"}],"wp:featuredmedia":[{"embeddable":true,"href":"https:\/\/userpage.fu-berlin.de\/melab\/wordpress\/index.php?rest_route=\/wp\/v2\/media\/12392"}],"wp:attachment":[{"href":"https:\/\/userpage.fu-berlin.de\/melab\/wordpress\/index.php?rest_route=%2Fwp%2Fv2%2Fmedia&parent=12388"}],"wp:term":[{"taxonomy":"category","embeddable":true,"href":"https:\/\/userpage.fu-berlin.de\/melab\/wordpress\/index.php?rest_route=%2Fwp%2Fv2%2Fcategories&post=12388"},{"taxonomy":"post_tag","embeddable":true,"href":"https:\/\/userpage.fu-berlin.de\/melab\/wordpress\/index.php?rest_route=%2Fwp%2Fv2%2Ftags&post=12388"}],"curies":[{"name":"wp","href":"https:\/\/api.w.org\/{rel}","templated":true}]}}