{"id":12377,"date":"2023-07-06T14:52:10","date_gmt":"2023-07-06T12:52:10","guid":{"rendered":"http:\/\/userpage.fu-berlin.de\/melab\/wordpress\/?p=12377"},"modified":"2023-07-12T15:32:04","modified_gmt":"2023-07-12T13:32:04","slug":"podcast-mensch-schaem-dich-nicht-audio","status":"publish","type":"post","link":"https:\/\/userpage.fu-berlin.de\/melab\/wordpress\/?p=12377","title":{"rendered":"Podcast \u201cMensch Sch\u00e4m\u2019 dich nicht\u201d (Audio)"},"content":{"rendered":"<p><strong>Wir wollen Schamgef\u00fchle zum Thema unserer Podcast-Folge machen: Scham, ein Gef\u00fchl, das viel zu wenig besprochen und angenommen wird. Der Podcast soll den H\u00f6rer:innen helfen, Verletzlichkeit zeigen zu d\u00fcrfen und zu akzeptieren, damit man selbst kein Hindernis im eigenen Leben ist und sich vor jeder Situation verstecken muss. Er soll zum Schmunzeln, zum Mitf\u00fchlen und zum Reflektieren anregen.<\/strong><\/p>\n<p><!--more--><\/p>\n<!--[if lt IE 9]><script>document.createElement('audio');<\/script><![endif]-->\n<audio class=\"wp-audio-shortcode\" id=\"audio-12377-1\" preload=\"none\" style=\"width: 100%;\" controls=\"controls\"><source type=\"audio\/wav\" src=\"http:\/\/userpage.fu-berlin.de\/melab\/wordpress\/wp-content\/uploads\/2023\/07\/mensch-schaem-dich-nicht.wav?_=1\" \/><a href=\"http:\/\/userpage.fu-berlin.de\/melab\/wordpress\/wp-content\/uploads\/2023\/07\/mensch-schaem-dich-nicht.wav\">http:\/\/userpage.fu-berlin.de\/melab\/wordpress\/wp-content\/uploads\/2023\/07\/mensch-schaem-dich-nicht.wav<\/a><\/audio>\n<p><em><img decoding=\"async\" loading=\"lazy\" class=\"wp-image-12379 size-medium alignnone\" src=\"https:\/\/i0.wp.com\/userpage.fu-berlin.de\/melab\/wordpress\/wp-content\/uploads\/2023\/07\/mensch-schaem-dich-nicht-02.jpg?resize=294%2C300\" alt=\"Podcast Programm Aufnahme\" width=\"294\" height=\"300\" srcset=\"https:\/\/i0.wp.com\/userpage.fu-berlin.de\/melab\/wordpress\/wp-content\/uploads\/2023\/07\/mensch-schaem-dich-nicht-02.jpg?resize=66%2C66&amp;ssl=1 66w, https:\/\/i0.wp.com\/userpage.fu-berlin.de\/melab\/wordpress\/wp-content\/uploads\/2023\/07\/mensch-schaem-dich-nicht-02.jpg?resize=200%2C204&amp;ssl=1 200w, https:\/\/i0.wp.com\/userpage.fu-berlin.de\/melab\/wordpress\/wp-content\/uploads\/2023\/07\/mensch-schaem-dich-nicht-02.jpg?resize=294%2C300&amp;ssl=1 294w, https:\/\/i0.wp.com\/userpage.fu-berlin.de\/melab\/wordpress\/wp-content\/uploads\/2023\/07\/mensch-schaem-dich-nicht-02.jpg?resize=400%2C408&amp;ssl=1 400w, https:\/\/i0.wp.com\/userpage.fu-berlin.de\/melab\/wordpress\/wp-content\/uploads\/2023\/07\/mensch-schaem-dich-nicht-02.jpg?fit=496%2C506&amp;ssl=1 496w\" sizes=\"(max-width: 294px) 100vw, 294px\" data-recalc-dims=\"1\" \/><\/em><\/p>\n<p><em>von Alexandra Maria Enciu, Lisa Elaine Schulz und Tara Nazli S\u00fcral<\/em><\/p>\n","protected":false},"excerpt":{"rendered":"<p>Wir wollen Schamgef\u00fchle zum Thema unserer Podcast-Folge machen: Scham, ein Gef\u00fchl, das viel zu wenig besprochen und angenommen wird. Der Podcast soll den H\u00f6rer:innen helfen, Verletzlichkeit zeigen zu d\u00fcrfen und zu akzeptieren, damit man selbst kein Hindernis im eigenen Leben ist und sich vor jeder Situation verstecken muss. Er soll zum Schmunzeln, zum Mitf\u00fchlen und [&hellip;]<\/p>\n","protected":false},"author":1,"featured_media":12378,"comment_status":"closed","ping_status":"closed","sticky":false,"template":"","format":"standard","meta":{"ngg_post_thumbnail":0,"_links_to":"","_links_to_target":""},"categories":[498,496,539],"tags":[1097,1034,1099,1098],"jetpack_featured_media_url":"https:\/\/i0.wp.com\/userpage.fu-berlin.de\/melab\/wordpress\/wp-content\/uploads\/2023\/07\/mensch-schaem-dich-nicht-01-e1688647472854.jpg?fit=903%2C603&ssl=1","_links":{"self":[{"href":"https:\/\/userpage.fu-berlin.de\/melab\/wordpress\/index.php?rest_route=\/wp\/v2\/posts\/12377"}],"collection":[{"href":"https:\/\/userpage.fu-berlin.de\/melab\/wordpress\/index.php?rest_route=\/wp\/v2\/posts"}],"about":[{"href":"https:\/\/userpage.fu-berlin.de\/melab\/wordpress\/index.php?rest_route=\/wp\/v2\/types\/post"}],"author":[{"embeddable":true,"href":"https:\/\/userpage.fu-berlin.de\/melab\/wordpress\/index.php?rest_route=\/wp\/v2\/users\/1"}],"replies":[{"embeddable":true,"href":"https:\/\/userpage.fu-berlin.de\/melab\/wordpress\/index.php?rest_route=%2Fwp%2Fv2%2Fcomments&post=12377"}],"version-history":[{"count":4,"href":"https:\/\/userpage.fu-berlin.de\/melab\/wordpress\/index.php?rest_route=\/wp\/v2\/posts\/12377\/revisions"}],"predecessor-version":[{"id":12406,"href":"https:\/\/userpage.fu-berlin.de\/melab\/wordpress\/index.php?rest_route=\/wp\/v2\/posts\/12377\/revisions\/12406"}],"wp:featuredmedia":[{"embeddable":true,"href":"https:\/\/userpage.fu-berlin.de\/melab\/wordpress\/index.php?rest_route=\/wp\/v2\/media\/12378"}],"wp:attachment":[{"href":"https:\/\/userpage.fu-berlin.de\/melab\/wordpress\/index.php?rest_route=%2Fwp%2Fv2%2Fmedia&parent=12377"}],"wp:term":[{"taxonomy":"category","embeddable":true,"href":"https:\/\/userpage.fu-berlin.de\/melab\/wordpress\/index.php?rest_route=%2Fwp%2Fv2%2Fcategories&post=12377"},{"taxonomy":"post_tag","embeddable":true,"href":"https:\/\/userpage.fu-berlin.de\/melab\/wordpress\/index.php?rest_route=%2Fwp%2Fv2%2Ftags&post=12377"}],"curies":[{"name":"wp","href":"https:\/\/api.w.org\/{rel}","templated":true}]}}