{"id":12315,"date":"2023-03-04T20:42:20","date_gmt":"2023-03-04T18:42:20","guid":{"rendered":"http:\/\/userpage.fu-berlin.de\/melab\/wordpress\/?p=12315"},"modified":"2023-05-22T13:58:36","modified_gmt":"2023-05-22T11:58:36","slug":"wie-passen-krieg-und-humor-zusammen-in-der-kreuzberger-bar-space-meduza-treffen-sich-comedians-aus-der-ukraine-video","status":"publish","type":"post","link":"https:\/\/userpage.fu-berlin.de\/melab\/wordpress\/?p=12315","title":{"rendered":"Wie passen Krieg und Humor zusammen? &#8211; In der Kreuzberger Bar Space Meduza treffen sich Comedians aus der Ukraine (Video)"},"content":{"rendered":"<p><strong> Wie lebt man damit, dass im eigenen Land Krieg herrscht? Die Bar Space Meduza ist zu einem Treffpunkt f\u00fcr Ukrainer*innen geworden. Eine der Besucher*innen ist die Komikerin Yulia. Sie lebt seit dem Krieg in Deutschland und tritt in der Bar regelm\u00e4\u00dfig als Stand-up-Comedian auf. Was bedeutet dieser Ort f\u00fcr sie und die anderen Besucher*innen?<\/strong><\/p>\n<p><!--more--><\/p>\n<p><em>von Vlada Zubchevska, Szuliko Wendt, Ann-Sophie Jugel, Mariam Mdivnishvili und Anna-Lena Schmierer<\/em><\/p>\n<div style=\"width: 1100px;\" class=\"wp-video\"><!--[if lt IE 9]><script>document.createElement('video');<\/script><![endif]-->\n<video class=\"wp-video-shortcode\" id=\"video-12315-1\" width=\"1100\" height=\"619\" preload=\"metadata\" controls=\"controls\"><source type=\"video\/mp4\" src=\"http:\/\/userpage.fu-berlin.de\/melab\/wordpress\/wp-content\/uploads\/2023\/03\/krieg-und-humor.mp4?_=1\" \/><a href=\"http:\/\/userpage.fu-berlin.de\/melab\/wordpress\/wp-content\/uploads\/2023\/03\/krieg-und-humor.mp4\">http:\/\/userpage.fu-berlin.de\/melab\/wordpress\/wp-content\/uploads\/2023\/03\/krieg-und-humor.mp4<\/a><\/video><\/div>\n<p>&nbsp;<\/p>\n","protected":false},"excerpt":{"rendered":"<p>Wie lebt man damit, dass im eigenen Land Krieg herrscht? Die Bar Space Meduza ist zu einem Treffpunkt f\u00fcr Ukrainer*innen geworden. Eine der Besucher*innen ist die Komikerin Yulia. Sie lebt seit dem Krieg in Deutschland und tritt in der Bar regelm\u00e4\u00dfig als Stand-up-Comedian auf. Was bedeutet dieser Ort f\u00fcr sie und die anderen Besucher*innen?<\/p>\n","protected":false},"author":1,"featured_media":12316,"comment_status":"closed","ping_status":"closed","sticky":false,"template":"","format":"standard","meta":{"ngg_post_thumbnail":0,"_links_to":"","_links_to_target":""},"categories":[498,495,538],"tags":[1068,313,315,54,177,242,1086,178],"jetpack_featured_media_url":"https:\/\/i0.wp.com\/userpage.fu-berlin.de\/melab\/wordpress\/wp-content\/uploads\/2023\/03\/krieg-und-humor-e1677954503950.png?fit=1829%2C1217&ssl=1","_links":{"self":[{"href":"https:\/\/userpage.fu-berlin.de\/melab\/wordpress\/index.php?rest_route=\/wp\/v2\/posts\/12315"}],"collection":[{"href":"https:\/\/userpage.fu-berlin.de\/melab\/wordpress\/index.php?rest_route=\/wp\/v2\/posts"}],"about":[{"href":"https:\/\/userpage.fu-berlin.de\/melab\/wordpress\/index.php?rest_route=\/wp\/v2\/types\/post"}],"author":[{"embeddable":true,"href":"https:\/\/userpage.fu-berlin.de\/melab\/wordpress\/index.php?rest_route=\/wp\/v2\/users\/1"}],"replies":[{"embeddable":true,"href":"https:\/\/userpage.fu-berlin.de\/melab\/wordpress\/index.php?rest_route=%2Fwp%2Fv2%2Fcomments&post=12315"}],"version-history":[{"count":2,"href":"https:\/\/userpage.fu-berlin.de\/melab\/wordpress\/index.php?rest_route=\/wp\/v2\/posts\/12315\/revisions"}],"predecessor-version":[{"id":12319,"href":"https:\/\/userpage.fu-berlin.de\/melab\/wordpress\/index.php?rest_route=\/wp\/v2\/posts\/12315\/revisions\/12319"}],"wp:featuredmedia":[{"embeddable":true,"href":"https:\/\/userpage.fu-berlin.de\/melab\/wordpress\/index.php?rest_route=\/wp\/v2\/media\/12316"}],"wp:attachment":[{"href":"https:\/\/userpage.fu-berlin.de\/melab\/wordpress\/index.php?rest_route=%2Fwp%2Fv2%2Fmedia&parent=12315"}],"wp:term":[{"taxonomy":"category","embeddable":true,"href":"https:\/\/userpage.fu-berlin.de\/melab\/wordpress\/index.php?rest_route=%2Fwp%2Fv2%2Fcategories&post=12315"},{"taxonomy":"post_tag","embeddable":true,"href":"https:\/\/userpage.fu-berlin.de\/melab\/wordpress\/index.php?rest_route=%2Fwp%2Fv2%2Ftags&post=12315"}],"curies":[{"name":"wp","href":"https:\/\/api.w.org\/{rel}","templated":true}]}}