{"id":12306,"date":"2023-01-30T15:07:37","date_gmt":"2023-01-30T13:07:37","guid":{"rendered":"http:\/\/userpage.fu-berlin.de\/melab\/wordpress\/?p=12306"},"modified":"2023-01-30T15:07:37","modified_gmt":"2023-01-30T13:07:37","slug":"rassismus-im-elfenbeinturm-feldforschung-an-der-fu-audio","status":"publish","type":"post","link":"https:\/\/userpage.fu-berlin.de\/melab\/wordpress\/?p=12306","title":{"rendered":"Rassismus im Elfenbeinturm \u2013 Feldforschung an der FU (Audio)"},"content":{"rendered":"<p><strong>Viele Menschen erleben t\u00e4glich Rassismus und Diskriminierung, sei es im Beruf, in der Schule oder auch als Student*in an der Universit\u00e4t. F\u00fcr nicht Betroffene ist dies oft nicht sichtbar. Und es redet auch niemand gerne dar\u00fcber. Emilie und Anne wollten trotzdem herausfinden, inwiefern Rassismus an der FU Berlin stattfindet.<\/strong><\/p>\n<p><!--more--><\/p>\n<p><em>von Emilie und Anne<\/em><\/p>\n<!--[if lt IE 9]><script>document.createElement('audio');<\/script><![endif]-->\n<audio class=\"wp-audio-shortcode\" id=\"audio-12306-1\" preload=\"none\" style=\"width: 100%;\" controls=\"controls\"><source type=\"audio\/wav\" src=\"http:\/\/userpage.fu-berlin.de\/melab\/wordpress\/wp-content\/uploads\/2023\/01\/rassismus-im-elfenbeinturm.wav?_=1\" \/><a href=\"http:\/\/userpage.fu-berlin.de\/melab\/wordpress\/wp-content\/uploads\/2023\/01\/rassismus-im-elfenbeinturm.wav\">http:\/\/userpage.fu-berlin.de\/melab\/wordpress\/wp-content\/uploads\/2023\/01\/rassismus-im-elfenbeinturm.wav<\/a><\/audio>\n","protected":false},"excerpt":{"rendered":"<p>Viele Menschen erleben t\u00e4glich Rassismus und Diskriminierung, sei es im Beruf, in der Schule oder auch als Student*in an der Universit\u00e4t. F\u00fcr nicht Betroffene ist dies oft nicht sichtbar. Und es redet auch niemand gerne dar\u00fcber. Emilie und Anne wollten trotzdem herausfinden, inwiefern Rassismus an der FU Berlin stattfindet.<\/p>\n","protected":false},"author":1,"featured_media":12307,"comment_status":"closed","ping_status":"closed","sticky":false,"template":"","format":"standard","meta":{"ngg_post_thumbnail":0,"_links_to":"","_links_to_target":""},"categories":[496,503],"tags":[1068,51,1084,466,1085,153],"jetpack_featured_media_url":"https:\/\/i0.wp.com\/userpage.fu-berlin.de\/melab\/wordpress\/wp-content\/uploads\/2023\/01\/rassismus-im-elfenbeinturm-e1675077258856.jpg?fit=2445%2C1630&ssl=1","_links":{"self":[{"href":"https:\/\/userpage.fu-berlin.de\/melab\/wordpress\/index.php?rest_route=\/wp\/v2\/posts\/12306"}],"collection":[{"href":"https:\/\/userpage.fu-berlin.de\/melab\/wordpress\/index.php?rest_route=\/wp\/v2\/posts"}],"about":[{"href":"https:\/\/userpage.fu-berlin.de\/melab\/wordpress\/index.php?rest_route=\/wp\/v2\/types\/post"}],"author":[{"embeddable":true,"href":"https:\/\/userpage.fu-berlin.de\/melab\/wordpress\/index.php?rest_route=\/wp\/v2\/users\/1"}],"replies":[{"embeddable":true,"href":"https:\/\/userpage.fu-berlin.de\/melab\/wordpress\/index.php?rest_route=%2Fwp%2Fv2%2Fcomments&post=12306"}],"version-history":[{"count":2,"href":"https:\/\/userpage.fu-berlin.de\/melab\/wordpress\/index.php?rest_route=\/wp\/v2\/posts\/12306\/revisions"}],"predecessor-version":[{"id":12310,"href":"https:\/\/userpage.fu-berlin.de\/melab\/wordpress\/index.php?rest_route=\/wp\/v2\/posts\/12306\/revisions\/12310"}],"wp:featuredmedia":[{"embeddable":true,"href":"https:\/\/userpage.fu-berlin.de\/melab\/wordpress\/index.php?rest_route=\/wp\/v2\/media\/12307"}],"wp:attachment":[{"href":"https:\/\/userpage.fu-berlin.de\/melab\/wordpress\/index.php?rest_route=%2Fwp%2Fv2%2Fmedia&parent=12306"}],"wp:term":[{"taxonomy":"category","embeddable":true,"href":"https:\/\/userpage.fu-berlin.de\/melab\/wordpress\/index.php?rest_route=%2Fwp%2Fv2%2Fcategories&post=12306"},{"taxonomy":"post_tag","embeddable":true,"href":"https:\/\/userpage.fu-berlin.de\/melab\/wordpress\/index.php?rest_route=%2Fwp%2Fv2%2Ftags&post=12306"}],"curies":[{"name":"wp","href":"https:\/\/api.w.org\/{rel}","templated":true}]}}