{"id":12302,"date":"2023-01-30T13:06:59","date_gmt":"2023-01-30T11:06:59","guid":{"rendered":"http:\/\/userpage.fu-berlin.de\/melab\/wordpress\/?p=12302"},"modified":"2023-02-21T13:37:53","modified_gmt":"2023-02-21T11:37:53","slug":"der-krieg-hat-alle-hoffnungen-weggenommen-audio","status":"publish","type":"post","link":"https:\/\/userpage.fu-berlin.de\/melab\/wordpress\/?p=12302","title":{"rendered":"&#8222;Der Krieg hat alle Hoffnungen weggenommen&#8220; (Audio)"},"content":{"rendered":"<p><strong>Die Gr\u00fcnde f\u00fcr die Flucht m\u00f6gen \u00e4hnlich sein. Aber Gefl\u00fcchtete werden ungleich behandelt. Je nach politischer Situation, Herkunft, Bildung. Lena J\u00fcngel und Emilia Stemmler befragen Gefl\u00fcchtete aus der Ukraine, Guinea, Indien &#8230;<\/strong><\/p>\n<p><!--more--><\/p>\n<p><em>von Lena J\u00fcngel und Emilia Stemmler<\/em><\/p>\n<!--[if lt IE 9]><script>document.createElement('audio');<\/script><![endif]-->\n<audio class=\"wp-audio-shortcode\" id=\"audio-12302-1\" preload=\"none\" style=\"width: 100%;\" controls=\"controls\"><source type=\"audio\/wav\" src=\"http:\/\/userpage.fu-berlin.de\/melab\/wordpress\/wp-content\/uploads\/2023\/01\/migrationsdifferenzen.wav?_=1\" \/><a href=\"http:\/\/userpage.fu-berlin.de\/melab\/wordpress\/wp-content\/uploads\/2023\/01\/migrationsdifferenzen.wav\">http:\/\/userpage.fu-berlin.de\/melab\/wordpress\/wp-content\/uploads\/2023\/01\/migrationsdifferenzen.wav<\/a><\/audio>\n","protected":false},"excerpt":{"rendered":"<p>Die Gr\u00fcnde f\u00fcr die Flucht m\u00f6gen \u00e4hnlich sein. Aber Gefl\u00fcchtete werden ungleich behandelt. Je nach politischer Situation, Herkunft, Bildung. Lena J\u00fcngel und Emilia Stemmler befragen Gefl\u00fcchtete aus der Ukraine, Guinea, Indien &#8230;<\/p>\n","protected":false},"author":1,"featured_media":12303,"comment_status":"closed","ping_status":"closed","sticky":false,"template":"","format":"standard","meta":{"ngg_post_thumbnail":0,"_links_to":"","_links_to_target":""},"categories":[498,496],"tags":[1068,91,141,361,30,177,178],"jetpack_featured_media_url":"https:\/\/i0.wp.com\/userpage.fu-berlin.de\/melab\/wordpress\/wp-content\/uploads\/2023\/01\/migrationsdifferenzen-e1675076553526.jpg?fit=1917%2C1281&ssl=1","_links":{"self":[{"href":"https:\/\/userpage.fu-berlin.de\/melab\/wordpress\/index.php?rest_route=\/wp\/v2\/posts\/12302"}],"collection":[{"href":"https:\/\/userpage.fu-berlin.de\/melab\/wordpress\/index.php?rest_route=\/wp\/v2\/posts"}],"about":[{"href":"https:\/\/userpage.fu-berlin.de\/melab\/wordpress\/index.php?rest_route=\/wp\/v2\/types\/post"}],"author":[{"embeddable":true,"href":"https:\/\/userpage.fu-berlin.de\/melab\/wordpress\/index.php?rest_route=\/wp\/v2\/users\/1"}],"replies":[{"embeddable":true,"href":"https:\/\/userpage.fu-berlin.de\/melab\/wordpress\/index.php?rest_route=%2Fwp%2Fv2%2Fcomments&post=12302"}],"version-history":[{"count":2,"href":"https:\/\/userpage.fu-berlin.de\/melab\/wordpress\/index.php?rest_route=\/wp\/v2\/posts\/12302\/revisions"}],"predecessor-version":[{"id":12313,"href":"https:\/\/userpage.fu-berlin.de\/melab\/wordpress\/index.php?rest_route=\/wp\/v2\/posts\/12302\/revisions\/12313"}],"wp:featuredmedia":[{"embeddable":true,"href":"https:\/\/userpage.fu-berlin.de\/melab\/wordpress\/index.php?rest_route=\/wp\/v2\/media\/12303"}],"wp:attachment":[{"href":"https:\/\/userpage.fu-berlin.de\/melab\/wordpress\/index.php?rest_route=%2Fwp%2Fv2%2Fmedia&parent=12302"}],"wp:term":[{"taxonomy":"category","embeddable":true,"href":"https:\/\/userpage.fu-berlin.de\/melab\/wordpress\/index.php?rest_route=%2Fwp%2Fv2%2Fcategories&post=12302"},{"taxonomy":"post_tag","embeddable":true,"href":"https:\/\/userpage.fu-berlin.de\/melab\/wordpress\/index.php?rest_route=%2Fwp%2Fv2%2Ftags&post=12302"}],"curies":[{"name":"wp","href":"https:\/\/api.w.org\/{rel}","templated":true}]}}