{"id":12286,"date":"2023-01-30T12:25:12","date_gmt":"2023-01-30T10:25:12","guid":{"rendered":"http:\/\/userpage.fu-berlin.de\/melab\/wordpress\/?p=12286"},"modified":"2023-05-22T13:56:18","modified_gmt":"2023-05-22T11:56:18","slug":"der-lange-weg-zur-deutschen-staatsangehoerigkeit-buerokratische-huerden-bei-der-immigration","status":"publish","type":"post","link":"https:\/\/userpage.fu-berlin.de\/melab\/wordpress\/?p=12286","title":{"rendered":"Der lange Weg zur deutschen Staatsangeh\u00f6rigkeit &#8211; b\u00fcrokratische H\u00fcrden bei der Immigration (Audio)"},"content":{"rendered":"<p><strong>Wer &#8222;biodeutsch&#8220; geboren ist und hierzulande lebt, macht sich wenig Vorstellungen davon was Staatsangeh\u00f6rigkeit bedeutet. Will oder muss man seine Herkunft aufgeben, wenn man hier amtlich dazu geh\u00f6ren will? Reicht es, einen Antrag zu stellen? Welche Rolle spielt die Sprache? Laurenz William, Jan Lomann und Andreas Tryfonopoulos fragen Menschen mit Migrationserfahrung nach ihren B\u00fcrokratie- Erfahrungen.<\/strong><\/p>\n<p><!--more--><\/p>\n<p><em>von Laurenz William, Jan Lomann und Andreas Tryfonopoulos<\/em><\/p>\n<!--[if lt IE 9]><script>document.createElement('audio');<\/script><![endif]-->\n<audio class=\"wp-audio-shortcode\" id=\"audio-12286-1\" preload=\"none\" style=\"width: 100%;\" controls=\"controls\"><source type=\"audio\/wav\" src=\"http:\/\/userpage.fu-berlin.de\/melab\/wordpress\/wp-content\/uploads\/2023\/01\/buerokratischen-huerden-bei-der-immigration.wav?_=1\" \/><a href=\"http:\/\/userpage.fu-berlin.de\/melab\/wordpress\/wp-content\/uploads\/2023\/01\/buerokratischen-huerden-bei-der-immigration.wav\">http:\/\/userpage.fu-berlin.de\/melab\/wordpress\/wp-content\/uploads\/2023\/01\/buerokratischen-huerden-bei-der-immigration.wav<\/a><\/audio>\n","protected":false},"excerpt":{"rendered":"<p>Wer &#8222;biodeutsch&#8220; geboren ist und hierzulande lebt, macht sich wenig Vorstellungen davon was Staatsangeh\u00f6rigkeit bedeutet. Will oder muss man seine Herkunft aufgeben, wenn man hier amtlich dazu geh\u00f6ren will? Reicht es, einen Antrag zu stellen? Welche Rolle spielt die Sprache? Laurenz William, Jan Lomann und Andreas Tryfonopoulos fragen Menschen mit Migrationserfahrung nach ihren B\u00fcrokratie- Erfahrungen.<\/p>\n","protected":false},"author":1,"featured_media":12287,"comment_status":"closed","ping_status":"closed","sticky":false,"template":"","format":"standard","meta":{"ngg_post_thumbnail":0,"_links_to":"","_links_to_target":""},"categories":[496,539,500],"tags":[1068,1077,1008,1075,1076,166],"jetpack_featured_media_url":"https:\/\/i0.wp.com\/userpage.fu-berlin.de\/melab\/wordpress\/wp-content\/uploads\/2023\/01\/buerokratische-huerden-bei-der-immigration-e1675074034286.jpg?fit=1920%2C1281&ssl=1","_links":{"self":[{"href":"https:\/\/userpage.fu-berlin.de\/melab\/wordpress\/index.php?rest_route=\/wp\/v2\/posts\/12286"}],"collection":[{"href":"https:\/\/userpage.fu-berlin.de\/melab\/wordpress\/index.php?rest_route=\/wp\/v2\/posts"}],"about":[{"href":"https:\/\/userpage.fu-berlin.de\/melab\/wordpress\/index.php?rest_route=\/wp\/v2\/types\/post"}],"author":[{"embeddable":true,"href":"https:\/\/userpage.fu-berlin.de\/melab\/wordpress\/index.php?rest_route=\/wp\/v2\/users\/1"}],"replies":[{"embeddable":true,"href":"https:\/\/userpage.fu-berlin.de\/melab\/wordpress\/index.php?rest_route=%2Fwp%2Fv2%2Fcomments&post=12286"}],"version-history":[{"count":2,"href":"https:\/\/userpage.fu-berlin.de\/melab\/wordpress\/index.php?rest_route=\/wp\/v2\/posts\/12286\/revisions"}],"predecessor-version":[{"id":12300,"href":"https:\/\/userpage.fu-berlin.de\/melab\/wordpress\/index.php?rest_route=\/wp\/v2\/posts\/12286\/revisions\/12300"}],"wp:featuredmedia":[{"embeddable":true,"href":"https:\/\/userpage.fu-berlin.de\/melab\/wordpress\/index.php?rest_route=\/wp\/v2\/media\/12287"}],"wp:attachment":[{"href":"https:\/\/userpage.fu-berlin.de\/melab\/wordpress\/index.php?rest_route=%2Fwp%2Fv2%2Fmedia&parent=12286"}],"wp:term":[{"taxonomy":"category","embeddable":true,"href":"https:\/\/userpage.fu-berlin.de\/melab\/wordpress\/index.php?rest_route=%2Fwp%2Fv2%2Fcategories&post=12286"},{"taxonomy":"post_tag","embeddable":true,"href":"https:\/\/userpage.fu-berlin.de\/melab\/wordpress\/index.php?rest_route=%2Fwp%2Fv2%2Ftags&post=12286"}],"curies":[{"name":"wp","href":"https:\/\/api.w.org\/{rel}","templated":true}]}}