{"id":12216,"date":"2022-10-13T22:34:57","date_gmt":"2022-10-13T20:34:57","guid":{"rendered":"http:\/\/userpage.fu-berlin.de\/melab\/wordpress\/?p=12216"},"modified":"2023-01-24T16:26:48","modified_gmt":"2023-01-24T14:26:48","slug":"das-persoenliche-ist-politisch-besuch-bei-einer-alten-dame-audio","status":"publish","type":"post","link":"https:\/\/userpage.fu-berlin.de\/melab\/wordpress\/?p=12216","title":{"rendered":"\u201eDas Pers\u00f6nliche ist politisch\u201c &#8211; Besuch bei einer alten Dame (Audio)"},"content":{"rendered":"<p><strong>Salomea Genins Leben ist gepr\u00e4gt von Neuanf\u00e4ngen in verschiedenen L\u00e4ndern, Systemen, Kulturen. Als Kind fl\u00fcchtete sie mit ihrer Mutter und ihren Schwestern aus dem nationalsozialistischen Deutschland nach Australien. 15 Jahre sp\u00e4ter kehrte sie als \u00fcberzeugte Kommunistin in die frisch gegr\u00fcndete DDR zur\u00fcck:<\/strong><\/p>\n<p><!--more--><\/p>\n<!--[if lt IE 9]><script>document.createElement('audio');<\/script><![endif]-->\n<audio class=\"wp-audio-shortcode\" id=\"audio-12216-1\" preload=\"none\" style=\"width: 100%;\" controls=\"controls\"><source type=\"audio\/mpeg\" src=\"http:\/\/userpage.fu-berlin.de\/melab\/wordpress\/wp-content\/uploads\/2022\/10\/das-persoenliche-ist-politisch.mp3?_=1\" \/><a href=\"http:\/\/userpage.fu-berlin.de\/melab\/wordpress\/wp-content\/uploads\/2022\/10\/das-persoenliche-ist-politisch.mp3\">http:\/\/userpage.fu-berlin.de\/melab\/wordpress\/wp-content\/uploads\/2022\/10\/das-persoenliche-ist-politisch.mp3<\/a><\/audio>\n<p><em>von Leona Ley, Alexandra Belevich-Obolenskaya, Janina Passinger und Jan-Peter Neflin<\/em><\/p>\n<p>Leona Ley, Alexandra Belevich-Obolenskaya, Janina Passinger und Jan-Peter Neflin waren bestens auf den Besuch bei Frau Genin vorbereitet. Schlie\u00dflich hatten sie alle das Buch von Salomea Genin gelesen: \u201eIch folgte den falschen G\u00f6ttern\u201c. Trotzdem wu\u00dften sie kaum, was sie erwartet, als die an der T\u00fcr der alten Dame klingelten. Ein Gespr\u00e4ch als Reportage.<\/p>\n","protected":false},"excerpt":{"rendered":"<p>Salomea Genins Leben ist gepr\u00e4gt von Neuanf\u00e4ngen in verschiedenen L\u00e4ndern, Systemen, Kulturen. Als Kind fl\u00fcchtete sie mit ihrer Mutter und ihren Schwestern aus dem nationalsozialistischen Deutschland nach Australien. 15 Jahre sp\u00e4ter kehrte sie als \u00fcberzeugte Kommunistin in die frisch gegr\u00fcndete DDR zur\u00fcck:<\/p>\n","protected":false},"author":1,"featured_media":12209,"comment_status":"closed","ping_status":"closed","sticky":false,"template":"","format":"standard","meta":{"ngg_post_thumbnail":0,"_links_to":"","_links_to_target":""},"categories":[498,496,97],"tags":[1036,51,229,141,32,1071,1072],"jetpack_featured_media_url":"https:\/\/i0.wp.com\/userpage.fu-berlin.de\/melab\/wordpress\/wp-content\/uploads\/2022\/10\/das-persoenliche-ist-politisch-bild-e1665693119925.png?fit=2992%2C1997&ssl=1","_links":{"self":[{"href":"https:\/\/userpage.fu-berlin.de\/melab\/wordpress\/index.php?rest_route=\/wp\/v2\/posts\/12216"}],"collection":[{"href":"https:\/\/userpage.fu-berlin.de\/melab\/wordpress\/index.php?rest_route=\/wp\/v2\/posts"}],"about":[{"href":"https:\/\/userpage.fu-berlin.de\/melab\/wordpress\/index.php?rest_route=\/wp\/v2\/types\/post"}],"author":[{"embeddable":true,"href":"https:\/\/userpage.fu-berlin.de\/melab\/wordpress\/index.php?rest_route=\/wp\/v2\/users\/1"}],"replies":[{"embeddable":true,"href":"https:\/\/userpage.fu-berlin.de\/melab\/wordpress\/index.php?rest_route=%2Fwp%2Fv2%2Fcomments&post=12216"}],"version-history":[{"count":1,"href":"https:\/\/userpage.fu-berlin.de\/melab\/wordpress\/index.php?rest_route=\/wp\/v2\/posts\/12216\/revisions"}],"predecessor-version":[{"id":12217,"href":"https:\/\/userpage.fu-berlin.de\/melab\/wordpress\/index.php?rest_route=\/wp\/v2\/posts\/12216\/revisions\/12217"}],"wp:featuredmedia":[{"embeddable":true,"href":"https:\/\/userpage.fu-berlin.de\/melab\/wordpress\/index.php?rest_route=\/wp\/v2\/media\/12209"}],"wp:attachment":[{"href":"https:\/\/userpage.fu-berlin.de\/melab\/wordpress\/index.php?rest_route=%2Fwp%2Fv2%2Fmedia&parent=12216"}],"wp:term":[{"taxonomy":"category","embeddable":true,"href":"https:\/\/userpage.fu-berlin.de\/melab\/wordpress\/index.php?rest_route=%2Fwp%2Fv2%2Fcategories&post=12216"},{"taxonomy":"post_tag","embeddable":true,"href":"https:\/\/userpage.fu-berlin.de\/melab\/wordpress\/index.php?rest_route=%2Fwp%2Fv2%2Ftags&post=12216"}],"curies":[{"name":"wp","href":"https:\/\/api.w.org\/{rel}","templated":true}]}}