{"id":12047,"date":"2022-10-22T00:03:53","date_gmt":"2022-10-21T22:03:53","guid":{"rendered":"http:\/\/userpage.fu-berlin.de\/melab\/wordpress\/?p=12047"},"modified":"2022-10-22T00:03:53","modified_gmt":"2022-10-21T22:03:53","slug":"fuer-eine-sorgende-und-lebendige-nachbarschaft","status":"publish","type":"post","link":"https:\/\/userpage.fu-berlin.de\/melab\/wordpress\/?p=12047","title":{"rendered":"F\u00fcr eine sorgende und lebendige Nachbarschaft"},"content":{"rendered":"<p><strong>Seit 2019 bringt die Nachbarschaftshilfe Steglitz-Zehlendorf ehrenamtliche Helfer*innen und Menschen mit Unterst\u00fctzungs- oder Kontaktbedarf zusammen.&nbsp;Im Nachbarschaftsladen in der Berlinickestra\u00dfe erz\u00e4hlen Koordinatorin Nina Karbe, Helfer Marcel M. und Nachbarin Dolores Mellenthin von ihrem Projekt.<\/strong><\/p>\n<p><!--more--><\/p>\n<p><em>von Wiebke Beuster<\/em><\/p>\n<div id=\"attachment_12051\" style=\"width: 235px\" class=\"wp-caption alignleft\"><img aria-describedby=\"caption-attachment-12051\" decoding=\"async\" loading=\"lazy\" class=\"size-medium wp-image-12051\" src=\"https:\/\/i0.wp.com\/userpage.fu-berlin.de\/melab\/wordpress\/wp-content\/uploads\/2022\/08\/nina-karbe.jpeg?resize=225%2C300\" alt=\"\" width=\"225\" height=\"300\" srcset=\"https:\/\/i0.wp.com\/userpage.fu-berlin.de\/melab\/wordpress\/wp-content\/uploads\/2022\/08\/nina-karbe.jpeg?resize=200%2C267&amp;ssl=1 200w, https:\/\/i0.wp.com\/userpage.fu-berlin.de\/melab\/wordpress\/wp-content\/uploads\/2022\/08\/nina-karbe.jpeg?resize=225%2C300&amp;ssl=1 225w, https:\/\/i0.wp.com\/userpage.fu-berlin.de\/melab\/wordpress\/wp-content\/uploads\/2022\/08\/nina-karbe.jpeg?resize=400%2C533&amp;ssl=1 400w, https:\/\/i0.wp.com\/userpage.fu-berlin.de\/melab\/wordpress\/wp-content\/uploads\/2022\/08\/nina-karbe.jpeg?resize=600%2C800&amp;ssl=1 600w, https:\/\/i0.wp.com\/userpage.fu-berlin.de\/melab\/wordpress\/wp-content\/uploads\/2022\/08\/nina-karbe.jpeg?resize=768%2C1024&amp;ssl=1 768w, https:\/\/i0.wp.com\/userpage.fu-berlin.de\/melab\/wordpress\/wp-content\/uploads\/2022\/08\/nina-karbe.jpeg?resize=800%2C1067&amp;ssl=1 800w, https:\/\/i0.wp.com\/userpage.fu-berlin.de\/melab\/wordpress\/wp-content\/uploads\/2022\/08\/nina-karbe.jpeg?resize=1200%2C1600&amp;ssl=1 1200w, https:\/\/i0.wp.com\/userpage.fu-berlin.de\/melab\/wordpress\/wp-content\/uploads\/2022\/08\/nina-karbe.jpeg?fit=1500%2C2000&amp;ssl=1 1500w\" sizes=\"(max-width: 225px) 100vw, 225px\" data-recalc-dims=\"1\" \/><p id=\"caption-attachment-12051\" class=\"wp-caption-text\">Projektkoordinatorin Nina Karbe: Vernetzt seit 2019 Menschen in Steglitz-Zehlendorf | Foto:&nbsp;Wiebke Beuster<\/p><\/div>\n<p>Die T\u00fcr steht einladend offen, auf der Holzbank daneben gibt es eine B\u00fccherkiste und die Fenster zieren informative Aufkleber.&nbsp;Der Nachbarschaftsladen in der Steglitzer Berlinickestra\u00dfe ist das Herzst\u00fcck der Nachbarschaftshilfe Steglitz-Zehlendorf,&nbsp;einer gemeinn\u00fctzigen Initiative des Tr\u00e4gers Mittelhof e.V. Die Idee entsprang den Herausforderungen des Demografischen Wandels: Mehr als ein Drittel der Einwohner*innen in Steglitz- Zehlendorf sind \u00e4lter als 65 Jahre. Beim Mittelhof beobachtete man einen gro\u00dfen Wunsch unter den Senior*innen, m\u00f6glichst lange im eigenen Zuhause wohnen zu bleiben. Gesundheitliche Beschwerden,&nbsp;aber auch Einsamkeit st\u00fcnden dem jedoch oft im Wege, so Projektkoordinatorin Nina Karbe. Daher gr\u00fcndete man 2019 die Nachbarschaftshilfe, die seither je rund 400 Nachbar*innen und Helfer*innen vernetzt hat.&nbsp;<\/p>\n<h3>\u201eEs ist ein gutes Gef\u00fchl zu wissen, dass man hierherkommen kann.\u201c&nbsp;<\/h3>\n<p>Der drei\u00dfigj\u00e4hrige Marcel M. ist einer derjenigen, die sich ehrenamtlich engagieren:&nbsp;\u201eIch finde das hier ein tolles Projekt, dass ich mit meinen Mitteln unterst\u00fctzen m\u00f6chte.\u201c Nachdem er merkte, dass der Beruf des Heilerziehungspflegers nicht das Richtige f\u00fcr ihn ist und nach l\u00e4ngerer Krankschreibung, m\u00f6chte Marcel im September eine neue Ausbildung beginnen. \u201eBis dahin gibt mir der Einsatz bei der Nachbarschaftshilfe eine Aufgabe und es tut einfach gut\u201c, meint er. Derzeit steht er zwei Steglitzerinnen zur Seite. Eine von ihnen unterst\u00fctzt er einmal w\u00f6chentlich beim Einkauf und bei organisatorischen Details ihrer Pflege. Die andere ist Dolores Mellenthin. \u201eIch wohne seit ungef\u00e4hr 30 Jahren in dieser&nbsp;Gegend und mit dem zunehmenden Alter, ich bin inzwischen 84, gibt es nat\u00fcrlich manchmal Probleme. Seitdem ich mitgekriegt habe, dass es hier die Nachbarschaftshilfe gibt, ist mir ein Stein vom Herzen genommen worden, und zwar ein richtig dicker Stein. Bisher habe ich noch nicht so viel Hilfe gebraucht, aber es ist ein gutes Gef\u00fchl zu wissen, dass man hierherkommen kann.\u201c, erz\u00e4hlt sie. Zuerst habe sie sich mit Marcel getroffen, weil sie Hilfe bei der Bedienung ihres neuen Smartphones brauchte. Sp\u00e4ter entwickelten sich daraus gemeinsame Spazierg\u00e4nge, Kaffeetrinken und Gespr\u00e4che \u00fcber Klimaschutz und viele andere Themen.<\/p>\n<div id=\"attachment_12053\" style=\"width: 310px\" class=\"wp-caption alignright\"><img aria-describedby=\"caption-attachment-12053\" decoding=\"async\" loading=\"lazy\" class=\"wp-image-12053 size-medium\" src=\"https:\/\/i0.wp.com\/userpage.fu-berlin.de\/melab\/wordpress\/wp-content\/uploads\/2022\/08\/marcel-und-dolores.jpg?resize=300%2C225\" alt=\"\" width=\"300\" height=\"225\" srcset=\"https:\/\/i0.wp.com\/userpage.fu-berlin.de\/melab\/wordpress\/wp-content\/uploads\/2022\/08\/marcel-und-dolores.jpg?resize=200%2C150&amp;ssl=1 200w, https:\/\/i0.wp.com\/userpage.fu-berlin.de\/melab\/wordpress\/wp-content\/uploads\/2022\/08\/marcel-und-dolores.jpg?resize=300%2C225&amp;ssl=1 300w, https:\/\/i0.wp.com\/userpage.fu-berlin.de\/melab\/wordpress\/wp-content\/uploads\/2022\/08\/marcel-und-dolores.jpg?resize=400%2C300&amp;ssl=1 400w, https:\/\/i0.wp.com\/userpage.fu-berlin.de\/melab\/wordpress\/wp-content\/uploads\/2022\/08\/marcel-und-dolores.jpg?resize=600%2C450&amp;ssl=1 600w, https:\/\/i0.wp.com\/userpage.fu-berlin.de\/melab\/wordpress\/wp-content\/uploads\/2022\/08\/marcel-und-dolores.jpg?resize=800%2C600&amp;ssl=1 800w, https:\/\/i0.wp.com\/userpage.fu-berlin.de\/melab\/wordpress\/wp-content\/uploads\/2022\/08\/marcel-und-dolores.jpg?resize=1024%2C768&amp;ssl=1 1024w, https:\/\/i0.wp.com\/userpage.fu-berlin.de\/melab\/wordpress\/wp-content\/uploads\/2022\/08\/marcel-und-dolores.jpg?resize=1200%2C900&amp;ssl=1 1200w, https:\/\/i0.wp.com\/userpage.fu-berlin.de\/melab\/wordpress\/wp-content\/uploads\/2022\/08\/marcel-und-dolores.jpg?w=2200 2200w, https:\/\/i0.wp.com\/userpage.fu-berlin.de\/melab\/wordpress\/wp-content\/uploads\/2022\/08\/marcel-und-dolores.jpg?w=3300 3300w, https:\/\/i0.wp.com\/userpage.fu-berlin.de\/melab\/wordpress\/wp-content\/uploads\/2022\/08\/marcel-und-dolores.jpg?fit=4000%2C3000&amp;ssl=1 4000w\" sizes=\"(max-width: 300px) 100vw, 300px\" data-recalc-dims=\"1\" \/><p id=\"caption-attachment-12053\" class=\"wp-caption-text\">Marcel und Dolores vor dem Nachbarschaftsladen: Die Nachbarschaftshilfe verbindet Generationen. | Foto:&nbsp;Wiebke Beuster<\/p><\/div>\n<h3>Die Leistungen der Nachbarschaftshilfe sind vielseitig, aber nicht grenzenlos<\/h3>\n<p>Neben Unterst\u00fctzung bei Eink\u00e4ufen und sozialem Austausch bietet die Nachbarschaftshilfe auch eine Reihe anderer Leistungen. Steglitzer*innen k\u00f6nnen sich melden, wenn sie eine Begleitung f\u00fcr den Arztbesuch brauchen, sich Unterhaltung w\u00fcnschen, Hausaufgabenhilfe f\u00fcr ihre Kinder m\u00f6chten oder kleinere Handwerksarbeiten in ihrem Heim n\u00f6tig sind. F\u00fcr viele dieser Angebote g\u00e4be es keine Alternative, oder nur eine Bezahlalternative, so Nina Karbe. Doch auch in Steglitz k\u00f6nnten sich viele Menschen letztere nicht leisten: \u201eWir sagen daher immer, dass wir einen Beitrag leisten wollen f\u00fcr eine sorgende und lebendige Nachbarschaft.&nbsp;Und es gibt einen total gro\u00dfen Bedarf.\u201c Doch die Initiative habe ihre Grenzen, r\u00e4umt sie ein. So bietet die Nachbarschaftshilfe beispielsweise keine pflegerischen T\u00e4tigkeiten an.<\/p>\n<h3>Die Nachbarschaftshilfe baut Br\u00fccken<\/h3>\n<p>Sowohl Marcel als auch Dolores sch\u00e4tzen die Nachbarschaftshilfe vor allem f\u00fcr ihre Kraft, zu verbinden. Marcel stellt heraus: \u201eIch h\u00e4tte auf normalem Weg niemals eine 84-j\u00e4hrige Dame kennengelernt. Es gibt so wenig Ber\u00fchrungspunkte sonst im Leben.&nbsp;Das generationen\u00fcbergreifende und dass sich jetzt hier so ein netter Kontakt entwickelt hat, finde ich toll.\u201c Dolores f\u00fcgt hinzu: \u201eEs gibt alte Leute, die sich zu der Jugend hingezogen f\u00fchlen. Die kommen aber schlecht zusammen. Das ist sehr schade, denn jeder w\u00fcrde vom anderen profitieren. Die Nachbarschaftshilfe ist eine Sache, die verbindet. Sie gibt eine Grundlage, die vorher nicht gewesen ist, dass Menschen zusammenkommen, die vorher jeder f\u00fcr sich waren.\u201c Als Beispiel nennt sie das Nachbarschaftsfest, dass die Nachbarschaftshilfe k\u00fcrzlich veranstaltet hat: \u201eDa haben sich einige Kontakte ergeben, ein paar Frauen haben mir ihre Handynummern \u00fcbergeben und gesagt, es w\u00e4re doch mal sch\u00f6n, was zusammen zu machen.\u201c<\/p>\n<div id=\"attachment_12048\" style=\"width: 310px\" class=\"wp-caption alignleft\"><img aria-describedby=\"caption-attachment-12048\" decoding=\"async\" loading=\"lazy\" class=\"size-medium wp-image-12048\" src=\"https:\/\/i0.wp.com\/userpage.fu-berlin.de\/melab\/wordpress\/wp-content\/uploads\/2022\/08\/buecherkiste.jpg?resize=300%2C225\" alt=\"\" width=\"300\" height=\"225\" srcset=\"https:\/\/i0.wp.com\/userpage.fu-berlin.de\/melab\/wordpress\/wp-content\/uploads\/2022\/08\/buecherkiste.jpg?resize=200%2C150&amp;ssl=1 200w, https:\/\/i0.wp.com\/userpage.fu-berlin.de\/melab\/wordpress\/wp-content\/uploads\/2022\/08\/buecherkiste.jpg?resize=300%2C225&amp;ssl=1 300w, https:\/\/i0.wp.com\/userpage.fu-berlin.de\/melab\/wordpress\/wp-content\/uploads\/2022\/08\/buecherkiste.jpg?resize=400%2C300&amp;ssl=1 400w, https:\/\/i0.wp.com\/userpage.fu-berlin.de\/melab\/wordpress\/wp-content\/uploads\/2022\/08\/buecherkiste.jpg?resize=600%2C450&amp;ssl=1 600w, https:\/\/i0.wp.com\/userpage.fu-berlin.de\/melab\/wordpress\/wp-content\/uploads\/2022\/08\/buecherkiste.jpg?resize=800%2C600&amp;ssl=1 800w, https:\/\/i0.wp.com\/userpage.fu-berlin.de\/melab\/wordpress\/wp-content\/uploads\/2022\/08\/buecherkiste.jpg?resize=1024%2C768&amp;ssl=1 1024w, https:\/\/i0.wp.com\/userpage.fu-berlin.de\/melab\/wordpress\/wp-content\/uploads\/2022\/08\/buecherkiste.jpg?resize=1200%2C900&amp;ssl=1 1200w, https:\/\/i0.wp.com\/userpage.fu-berlin.de\/melab\/wordpress\/wp-content\/uploads\/2022\/08\/buecherkiste.jpg?w=2200 2200w, https:\/\/i0.wp.com\/userpage.fu-berlin.de\/melab\/wordpress\/wp-content\/uploads\/2022\/08\/buecherkiste.jpg?w=3300 3300w, https:\/\/i0.wp.com\/userpage.fu-berlin.de\/melab\/wordpress\/wp-content\/uploads\/2022\/08\/buecherkiste.jpg?fit=4000%2C3000&amp;ssl=1 4000w\" sizes=\"(max-width: 300px) 100vw, 300px\" data-recalc-dims=\"1\" \/><p id=\"caption-attachment-12048\" class=\"wp-caption-text\">Ein Korb vor dem Nachbarschaftsladen bietet B\u00fccher zum Tausch an: Austausch auf allen Ebenen. | Foto:&nbsp;Wiebke Beuster<\/p><\/div>\n<h3>\u201eMan lernt viel \u00fcber sich und \u00fcber das Leben\u201c<\/h3>\n<p>Wer sich ehrenamtlich bei der Nachbarschaftshilfe engagieren m\u00f6chte, oder Unterst\u00fctzung sucht, kann sich telefonisch oder per Mail bei Nina Karbe melden \u2013 oder direkt im Nachbarschaftsladen vorbeischauen. \u00dcber seine ehrenamtliche T\u00e4tigkeit sagt Marcel:&nbsp;\u201eIch w\u00fcrde es anderen auf jeden Fall auch ans Herz legen. Man lernt viel \u00fcber sich und das Leben dadurch und ich glaube, das kann nur vorteilhaft sein.\u201c<\/p>\n<hr>\n<p><span style=\"color: #003366;\"><strong><img decoding=\"async\" loading=\"lazy\" class=\"alignleft size-thumbnail wp-image-12052\" src=\"https:\/\/i0.wp.com\/userpage.fu-berlin.de\/melab\/wordpress\/wp-content\/uploads\/2022\/08\/wiebke-beuster.jpg?resize=150%2C150\" alt=\"\" width=\"150\" height=\"150\" srcset=\"https:\/\/i0.wp.com\/userpage.fu-berlin.de\/melab\/wordpress\/wp-content\/uploads\/2022\/08\/wiebke-beuster.jpg?resize=66%2C66&amp;ssl=1 66w, https:\/\/i0.wp.com\/userpage.fu-berlin.de\/melab\/wordpress\/wp-content\/uploads\/2022\/08\/wiebke-beuster.jpg?resize=150%2C150&amp;ssl=1 150w, https:\/\/i0.wp.com\/userpage.fu-berlin.de\/melab\/wordpress\/wp-content\/uploads\/2022\/08\/wiebke-beuster.jpg?resize=200%2C200&amp;ssl=1 200w, https:\/\/i0.wp.com\/userpage.fu-berlin.de\/melab\/wordpress\/wp-content\/uploads\/2022\/08\/wiebke-beuster.jpg?resize=300%2C300&amp;ssl=1 300w, https:\/\/i0.wp.com\/userpage.fu-berlin.de\/melab\/wordpress\/wp-content\/uploads\/2022\/08\/wiebke-beuster.jpg?resize=400%2C400&amp;ssl=1 400w, https:\/\/i0.wp.com\/userpage.fu-berlin.de\/melab\/wordpress\/wp-content\/uploads\/2022\/08\/wiebke-beuster.jpg?resize=600%2C600&amp;ssl=1 600w, https:\/\/i0.wp.com\/userpage.fu-berlin.de\/melab\/wordpress\/wp-content\/uploads\/2022\/08\/wiebke-beuster.jpg?resize=800%2C800&amp;ssl=1 800w, https:\/\/i0.wp.com\/userpage.fu-berlin.de\/melab\/wordpress\/wp-content\/uploads\/2022\/08\/wiebke-beuster.jpg?resize=1024%2C1024&amp;ssl=1 1024w, https:\/\/i0.wp.com\/userpage.fu-berlin.de\/melab\/wordpress\/wp-content\/uploads\/2022\/08\/wiebke-beuster.jpg?resize=1200%2C1200&amp;ssl=1 1200w, https:\/\/i0.wp.com\/userpage.fu-berlin.de\/melab\/wordpress\/wp-content\/uploads\/2022\/08\/wiebke-beuster.jpg?w=2200 2200w, https:\/\/i0.wp.com\/userpage.fu-berlin.de\/melab\/wordpress\/wp-content\/uploads\/2022\/08\/wiebke-beuster.jpg?w=3300 3300w, https:\/\/i0.wp.com\/userpage.fu-berlin.de\/melab\/wordpress\/wp-content\/uploads\/2022\/08\/wiebke-beuster.jpg?fit=3456%2C3456&amp;ssl=1 3456w\" sizes=\"(max-width: 150px) 100vw, 150px\" data-recalc-dims=\"1\" \/>Wiebke Beuster<\/strong> studiert im vierten Semester Englische Philologie sowie Publizistik-und Kommunikationswissenschaft. Sie freut sich darauf, das kommende Jahr als Erasmusstudentin an der University of Edinburgh zu verbringen.<\/span><\/p>\n<hr>\n","protected":false},"excerpt":{"rendered":"<p>Seit 2019 bringt die Nachbarschaftshilfe Steglitz-Zehlendorf ehrenamtliche Helfer*innen und Menschen mit Unterst\u00fctzungs- oder Kontaktbedarf zusammen.&nbsp;Im Nachbarschaftsladen in der Berlinickestra\u00dfe erz\u00e4hlen Koordinatorin Nina Karbe, Helfer Marcel M. und Nachbarin Dolores Mellenthin von ihrem Projekt.<\/p>\n","protected":false},"author":1,"featured_media":12050,"comment_status":"closed","ping_status":"closed","sticky":false,"template":"","format":"standard","meta":{"ngg_post_thumbnail":0,"_links_to":"","_links_to_target":""},"categories":[501,497],"tags":[1036,51,241,721,240,1065,1066],"jetpack_featured_media_url":"https:\/\/i0.wp.com\/userpage.fu-berlin.de\/melab\/wordpress\/wp-content\/uploads\/2022\/08\/nachbarschaftsladen-e1660999831337.jpg?fit=4000%2C2670&ssl=1","_links":{"self":[{"href":"https:\/\/userpage.fu-berlin.de\/melab\/wordpress\/index.php?rest_route=\/wp\/v2\/posts\/12047"}],"collection":[{"href":"https:\/\/userpage.fu-berlin.de\/melab\/wordpress\/index.php?rest_route=\/wp\/v2\/posts"}],"about":[{"href":"https:\/\/userpage.fu-berlin.de\/melab\/wordpress\/index.php?rest_route=\/wp\/v2\/types\/post"}],"author":[{"embeddable":true,"href":"https:\/\/userpage.fu-berlin.de\/melab\/wordpress\/index.php?rest_route=\/wp\/v2\/users\/1"}],"replies":[{"embeddable":true,"href":"https:\/\/userpage.fu-berlin.de\/melab\/wordpress\/index.php?rest_route=%2Fwp%2Fv2%2Fcomments&post=12047"}],"version-history":[{"count":3,"href":"https:\/\/userpage.fu-berlin.de\/melab\/wordpress\/index.php?rest_route=\/wp\/v2\/posts\/12047\/revisions"}],"predecessor-version":[{"id":12177,"href":"https:\/\/userpage.fu-berlin.de\/melab\/wordpress\/index.php?rest_route=\/wp\/v2\/posts\/12047\/revisions\/12177"}],"wp:featuredmedia":[{"embeddable":true,"href":"https:\/\/userpage.fu-berlin.de\/melab\/wordpress\/index.php?rest_route=\/wp\/v2\/media\/12050"}],"wp:attachment":[{"href":"https:\/\/userpage.fu-berlin.de\/melab\/wordpress\/index.php?rest_route=%2Fwp%2Fv2%2Fmedia&parent=12047"}],"wp:term":[{"taxonomy":"category","embeddable":true,"href":"https:\/\/userpage.fu-berlin.de\/melab\/wordpress\/index.php?rest_route=%2Fwp%2Fv2%2Fcategories&post=12047"},{"taxonomy":"post_tag","embeddable":true,"href":"https:\/\/userpage.fu-berlin.de\/melab\/wordpress\/index.php?rest_route=%2Fwp%2Fv2%2Ftags&post=12047"}],"curies":[{"name":"wp","href":"https:\/\/api.w.org\/{rel}","templated":true}]}}