{"id":11947,"date":"2022-10-21T23:34:40","date_gmt":"2022-10-21T21:34:40","guid":{"rendered":"http:\/\/userpage.fu-berlin.de\/melab\/wordpress\/?p=11947"},"modified":"2022-10-21T23:34:40","modified_gmt":"2022-10-21T21:34:40","slug":"revenge-bedtime-procrastination-warum-wir-nicht-wie-angedacht-ins-bett-gehen","status":"publish","type":"post","link":"https:\/\/userpage.fu-berlin.de\/melab\/wordpress\/?p=11947","title":{"rendered":"Revenge Bedtime Procrastination &#8211; Warum wir nicht wie angedacht ins Bett gehen."},"content":{"rendered":"<p><strong>Sp\u00e4ter ins Bett gehen und am n\u00e4chsten Tag unerholt aufwachen: Die Revenge Bedtime Procrastination ist ein neues Ph\u00e4nomen, welches auf schlechte Selbstregulierung zur\u00fcckzuf\u00fchren ist. Zwei Studierende berichten \u00fcber ihre Erfahrungen.<\/strong><\/p>\n<p><!--more--><\/p>\n<p><em>von Jan Czogalla<\/em><\/p>\n<p>01:34 Uhr &#8211; sie schaut kurz auf die Zeitangabe links oben am Bildschirmrand des strahlenden Handydisplays: Noch 5 Stunden und 26 Minuten, bis sie aufstehen muss, um sich f\u00fcr die Uni fertig zu machen. In letzter Zeit kommt es \u00f6fter vor, dass sie bis sp\u00e4t noch an ihrem Handy h\u00e4ngt und das Gef\u00fchl hat, dass der Sog von Social Media oder Netflix sie durch die Nacht zieht.<br \/>\nAm n\u00e4chsten Tag unausgeschlafen und unkonzentriert, gehen ihr die meisten Aktivit\u00e4ten langsamer von der Hand; und so liegt sie abends ersch\u00f6pft wieder auf dem Bett und lenkt sich mit bunten Bildchen und spannenden Geschichten ab, um wenigstens etwas vom Tag mitnehmen zu k\u00f6nnen. Dieses Ph\u00e4nomen nennt sich Revenge Bedtime Procrastination oder ungelenk auf Deutsch: Aus Rache die Schlafenszeit aufschieben.<br \/>\nMara studiert Medizin in Vollzeit im f\u00fcnften Semester und muss jeden Tag viel Zeit investieren, um im Unterricht am Ball zu bleiben. So muss sie ihre Zeit t\u00e4glich nach den Vorlesungen f\u00fcr Abgaben und das Lernen f\u00fcr die n\u00e4chsten Pr\u00fcfungen freihalten. Abends, nach dem ersch\u00f6pfenden Tag, hat sie nicht das Gef\u00fchl, als h\u00e4tte sie einen Moment f\u00fcr die Dinge gehabt, welche ihr Ruhe und Spa\u00df bringen. Die Schlussfolgerung: Die Schlafenszeit aufschieben und ersch\u00f6pft noch die Zeit in der Nacht \u201cnutzen\u201d.<br \/>\nIn dieser Situation haben sich sicher die meisten schon mal befunden. Grunds\u00e4tzlich scheint dies ein modernes Ph\u00e4nomen zu sein und auch die Wissenschaft steht noch recht am Anfang. Eine Studie von 2014 aus Utrecht (Niederlande) war eine der ersten Ber\u00fchrungspunkte mit der Revenge Bedtime Procrastination, bei welcher der&nbsp;Zusammenhang zwischen der Prokrastination mit der Auspr\u00e4gung von Selbstkontrolle und den negativen Konsequenzen beschrieben wird.<br \/>\nDie Forscher*innen fanden heraus, dass das Ph\u00e4nomen weiter verbreitet ist als zuvor angenommen wurde. Jede dritte Person gab an, weniger als sechs Stunden Schlaf zu bekommen und die Prokrastination vor dem Schlafengehen scheint ebenfalls oft aufzutreten. Letztlich konnte eine Verbindung zwischen der Prokrastination vor dem Zubettgehen, eines k\u00fcrzeren Schlafes und damit eine darauf folgende Tagesm\u00fcdigkeit und Konzentrationsschwierigkeiten festgestellt werden. Kurz: Wer die eigenen Schlafenszeiten nicht einh\u00e4lt, leidet am n\u00e4chsten Tag darunter.<\/p>\n<div id=\"attachment_11951\" style=\"width: 310px\" class=\"wp-caption alignright\"><img aria-describedby=\"caption-attachment-11951\" decoding=\"async\" loading=\"lazy\" class=\"size-medium wp-image-11951\" src=\"https:\/\/i0.wp.com\/userpage.fu-berlin.de\/melab\/wordpress\/wp-content\/uploads\/2022\/08\/schwarzes-smartphone.jpeg?resize=300%2C199\" alt=\"\" width=\"300\" height=\"199\" srcset=\"https:\/\/i0.wp.com\/userpage.fu-berlin.de\/melab\/wordpress\/wp-content\/uploads\/2022\/08\/schwarzes-smartphone.jpeg?resize=200%2C133&amp;ssl=1 200w, https:\/\/i0.wp.com\/userpage.fu-berlin.de\/melab\/wordpress\/wp-content\/uploads\/2022\/08\/schwarzes-smartphone.jpeg?resize=300%2C199&amp;ssl=1 300w, https:\/\/i0.wp.com\/userpage.fu-berlin.de\/melab\/wordpress\/wp-content\/uploads\/2022\/08\/schwarzes-smartphone.jpeg?resize=400%2C266&amp;ssl=1 400w, https:\/\/i0.wp.com\/userpage.fu-berlin.de\/melab\/wordpress\/wp-content\/uploads\/2022\/08\/schwarzes-smartphone.jpeg?resize=600%2C399&amp;ssl=1 600w, https:\/\/i0.wp.com\/userpage.fu-berlin.de\/melab\/wordpress\/wp-content\/uploads\/2022\/08\/schwarzes-smartphone.jpeg?resize=800%2C532&amp;ssl=1 800w, https:\/\/i0.wp.com\/userpage.fu-berlin.de\/melab\/wordpress\/wp-content\/uploads\/2022\/08\/schwarzes-smartphone.jpeg?resize=1024%2C681&amp;ssl=1 1024w, https:\/\/i0.wp.com\/userpage.fu-berlin.de\/melab\/wordpress\/wp-content\/uploads\/2022\/08\/schwarzes-smartphone.jpeg?resize=1200%2C798&amp;ssl=1 1200w, https:\/\/i0.wp.com\/userpage.fu-berlin.de\/melab\/wordpress\/wp-content\/uploads\/2022\/08\/schwarzes-smartphone.jpeg?w=2200 2200w, https:\/\/i0.wp.com\/userpage.fu-berlin.de\/melab\/wordpress\/wp-content\/uploads\/2022\/08\/schwarzes-smartphone.jpeg?fit=2256%2C1500&amp;ssl=1 2256w\" sizes=\"(max-width: 300px) 100vw, 300px\" data-recalc-dims=\"1\" \/><p id=\"caption-attachment-11951\" class=\"wp-caption-text\">Eine lange Zeit am Handy h\u00e4ngen, obwohl l\u00e4ngst Schlafenszeit ist. \u201cGibt schon Tage wo ich bis 1 Uhr TikTok scrolle\u201d &#8211; Steven. | Foto: <a href=\"https:\/\/www.pexels.com\/de-de\/foto\/schwarzes-smartphone-2447046\/\" target=\"_blank\" rel=\"noopener\">Ravi Kant<\/a> \/ <a href=\"https:\/\/creativecommons.org\/licenses\/by-sa\/2.0\/\" target=\"_blank\" rel=\"noopener\">CC BY-SA 2.0<\/a><\/p><\/div>\n<p>Ein Tag, an dem das Energielevel generell schon niedrig ist, ist noch schwerer zu \u00fcberstehen. Es ist naheliegend, dass darunter die Aufgaben leiden, welche man sich vorgenommen hat. Das bedeutet l\u00e4ngere Arbeitsphasen, weniger Erholung und damit mutma\u00dflich am Ende des Tages: erneute Prokrastination vor dem Schlafengehen. Ein Kreislauf, unter dem viele Personen leiden.<\/p>\n<h3>Dazu zwei Einblicke in die Sichtweise von einer Studentin und einem Vollzeit Videoeditor:<\/h3>\n<p><strong>Wann tritt die Prokrastination auf?<\/strong><\/p>\n<p>Mara: \u201eNaja, bis jetzt hab ich das gar nicht so gesehen. Aber wo du erz\u00e4hlst, was das ist, beobachte ich das schon so drei bis viermal in der Woche. Ich lerne, esse und dann ist die Luft raus.\u201c<\/p>\n<p>Steven: \u201eGerade an stressigen Tagen auf der Arbeit. Ich komme nach Hause und komme schon fast gar nicht mehr dazu, was zu essen. Dann liege ich auf dem Bett und beriesele mich mit meinem Handy. Aber auch, wenn ich mal was Wichtiges am n\u00e4chsten Tag erledigen muss, worauf ich gar keinen Bock habe.&#8220;<\/p>\n<p><strong>Wie lange prokrastiniert ihr und was macht ihr w\u00e4hrenddessen?<\/strong><\/p>\n<p>Mara: \u201eOh Gott, wahrscheinlich viel zu lange. Manchmal binge ich schon \u2018ne Serie durch. Dann so 15 Folgen \u00e1&#8230;das will ich jetzt nicht sagen (\u201clacht\u201d). Aber daf\u00fcr fange ich manchmal fr\u00fcher an als ich zugeben will (\u201clacht\u201d).\u201d<\/p>\n<p>Steven: \u201eGibt schon Tage, an denen ich bis 1 Uhr TikTok scrolle. Dann noch mal was Essen, am besten Reste und dann schauen, ob man m\u00fcde genug ist. Neben TikTok ansonsten halt Netflix, YouTube, Twitch, such dir was aus. Manchmal auch Visual Novels.\u201c<\/p>\n<div id=\"attachment_11950\" style=\"width: 310px\" class=\"wp-caption alignleft\"><img aria-describedby=\"caption-attachment-11950\" decoding=\"async\" loading=\"lazy\" class=\"size-medium wp-image-11950\" src=\"https:\/\/i0.wp.com\/userpage.fu-berlin.de\/melab\/wordpress\/wp-content\/uploads\/2022\/08\/schwarzes-macbook-pro.jpeg?resize=300%2C169\" alt=\"\" width=\"300\" height=\"169\" srcset=\"https:\/\/i0.wp.com\/userpage.fu-berlin.de\/melab\/wordpress\/wp-content\/uploads\/2022\/08\/schwarzes-macbook-pro.jpeg?resize=200%2C113&amp;ssl=1 200w, https:\/\/i0.wp.com\/userpage.fu-berlin.de\/melab\/wordpress\/wp-content\/uploads\/2022\/08\/schwarzes-macbook-pro.jpeg?resize=300%2C169&amp;ssl=1 300w, https:\/\/i0.wp.com\/userpage.fu-berlin.de\/melab\/wordpress\/wp-content\/uploads\/2022\/08\/schwarzes-macbook-pro.jpeg?resize=400%2C225&amp;ssl=1 400w, https:\/\/i0.wp.com\/userpage.fu-berlin.de\/melab\/wordpress\/wp-content\/uploads\/2022\/08\/schwarzes-macbook-pro.jpeg?resize=600%2C338&amp;ssl=1 600w, https:\/\/i0.wp.com\/userpage.fu-berlin.de\/melab\/wordpress\/wp-content\/uploads\/2022\/08\/schwarzes-macbook-pro.jpeg?resize=800%2C450&amp;ssl=1 800w, https:\/\/i0.wp.com\/userpage.fu-berlin.de\/melab\/wordpress\/wp-content\/uploads\/2022\/08\/schwarzes-macbook-pro.jpeg?resize=1024%2C576&amp;ssl=1 1024w, https:\/\/i0.wp.com\/userpage.fu-berlin.de\/melab\/wordpress\/wp-content\/uploads\/2022\/08\/schwarzes-macbook-pro.jpeg?fit=1200%2C675&amp;ssl=1 1200w\" sizes=\"(max-width: 300px) 100vw, 300px\" data-recalc-dims=\"1\" \/><p id=\"caption-attachment-11950\" class=\"wp-caption-text\">Der flimmernde Bildschirm unserer Endger\u00e4te in der Nacht. Wie stark sind wir, dem zu widerstehen? | Foto: <a href=\"https:\/\/www.pexels.com\/de-de\/foto\/schwarzes-macbook-pro-2473183\/\" target=\"_blank\" rel=\"noopener\">Nikolaos Dimou<\/a> \/ <a href=\"https:\/\/creativecommons.org\/licenses\/by-sa\/2.0\/\" target=\"_blank\" rel=\"noopener\">CC BY-SA 2.0<\/a><\/p><\/div>\n<p><strong>Wie f\u00fchlst du dich am n\u00e4chsten Tag?<\/strong><\/p>\n<p>Mara: \u201eTaub, Kopfschmerzen? Hilft nat\u00fcrlich nicht besonders fr\u00fch aufzustehen und zur Uni zu gehen oder zu Lernen, keine Frage. Je nach Wetter oder meinem Zyklus kannst du mich echt gar nicht gebrauchen. Kopfschmerztablette und los geht es.\u201d<\/p>\n<p>Steven: \u201eJa schei\u00dfe. Aber Energy Drinks regeln halt. Am Wochenende penne ich dann ewig lange, weil wir am Freitag Abend eh noch was unternehmen. Gibt Wochenenden, an denen nichts passiert&#8230;eigentlich auch komisch. Sollte die Zeit sein, wo ich eben nicht (!) prokrastiniere.\u201d<\/p>\n<p><strong>W\u00fcrdest du sagen, du hast eine gute Selbstkontrolle?<\/strong><\/p>\n<p>Mara: \u201eWenn ich die nicht h\u00e4tte, w\u00fcrde ich das Studium nicht schaffen (Haha). Aber nein &#8211; manchmal denke ich, das geht alles f\u00fcr das Lernen drauf und in meiner Freizeit will ich dann nur einfach alles laufen lassen. Vielleicht h\u00e4ngt das dann damit zusammen, dass ich nach dem Tag einfach keine Regeln mehr befolgen will.\u201d<\/p>\n<p>Steven: \u201eNe, nicht wirklich. Ich schaue, dass ich gut esse und auch manchmal Sport mache. Aber sonst nicht so. Vielleicht ist das der Fluch des K\u00fcnstlers. Ich verkopfe mich schon gerne in Dinge. Auch wenn das eigentlich gar nicht so sinnvoll ist.\u201c<\/p>\n<div class=\"block-item side title-block\" style=\"background: #ebebeb; padding: 12px 18px;\">\u201cIch studiere ja nicht seit gestern und hab\u2019 das Gef\u00fchl, dass diese Phase schon ewig anh\u00e4lt.\u201d &#8211; Mara<\/div>\n<p><strong>Wo liegt deiner Meinung nach die Ursache f\u00fcr die Prokrastination?<\/strong><\/p>\n<p>Mara: \u201eKlar das Studium und fehlende Hobbies. Wenn ich schon ein Hobby mache, dann will ich das auch ganz embracen. Nicht nur so nebenher. Aber vielleicht w\u00fcrde ich dann besser zur Ruhe kommen. Habe auch Meditation versucht. Aber denke, das muss man l\u00e4nger durchziehen und nicht nur sporadisch angehen.\u201d<\/p>\n<p>Steven: \u201ePerfektionismus und keine geregelten Pausen, sch\u00e4tze ich. Das n\u00e4chste Projekt muss halt krasser sein und schneller abgeschlossen werden. Man will ja auch besser werden. Da bin ich, und das beobachte ich auch bei Anderen, einfach ungeduldig.\u201d<\/p>\n<p><strong>K\u00f6nnt ihr aktiv etwas dagegen tun?<\/strong><\/p>\n<p>Mara: \u201eNein, nicht wirklich. Ich studiere ja nicht seit gestern und hab\u2019 das Gef\u00fchl, dass diese Phase schon ewig anh\u00e4lt. Ich habe mich dran gew\u00f6hnt. Aber es gibt eben Phasen, wo ich denke, einen Nervenzusammenbruch zu bekommen. Daran muss oft mein Umfeld leiden. Aber so geht es vielen meiner Kommilitonen.\u201d<\/p>\n<p>Steve: \u201eNur mit meinem Partner. Wenn er bei mir ist, komme ich zur Ruhe und dann entspanne ich mich. Ich merke dann, wie ich sehr unter Strom stehe und kann aber dann schnell einschlafen. Wenn ich so nachdenke, glaube ich aber, dass ich am Ende der Woche oft denke, dass ich nichts erlebt habe und dann bin ich sauer auf mich selber, dass ich in Berlin wohne und keinen Moment f\u00fcr Freizeit hatte.\u201d<\/p>\n<h3>Wie k\u00f6nnen wir den Kreislauf durchbrechen, welcher uns Nachts wach h\u00e4lt?<\/h3>\n<p>Eine einfache und universelle L\u00f6sung f\u00fcr die beschriebenen Abl\u00e4ufe gibt es nicht, da jede Situation individuell ist. Grobe Ideen und Herangehensweisen gibt es dennoch. Die Selbstkontrolle ist Dreh und Angelpunkt hinter den selbst auferlegten Zielen und Regeln unseres Tages. Wenn es an dieser mangelt, k\u00f6nnen schon kleine Rituale wie \u201ceine halbe vor dem Schlafengehen die technischen Ger\u00e4te ausschalten\u201d oder routinierte Meditation helfen.<br \/>\nAuch Wecker und dedizierte Apps machen auf Deadlines f\u00fcr den Tag aufmerksam. Sich \u201eZiele\u201d zu setzen, bereitet den K\u00f6rper vor und markieren einen klaren Schlussstrich. Auch die \u201eF\u00fcnf-Sekunden Regel\u201d, bei welcher man im Kopf von f\u00fcnf herunter z\u00e4hlt, um dann aufzustehen, kann schon kurzfristig helfen.<\/p>\n<div id=\"attachment_11952\" style=\"width: 310px\" class=\"wp-caption alignright\"><img aria-describedby=\"caption-attachment-11952\" decoding=\"async\" loading=\"lazy\" class=\"size-medium wp-image-11952\" src=\"https:\/\/i0.wp.com\/userpage.fu-berlin.de\/melab\/wordpress\/wp-content\/uploads\/2022\/08\/wach-bei-nacht.jpeg?resize=300%2C200\" alt=\"\" width=\"300\" height=\"200\" srcset=\"https:\/\/i0.wp.com\/userpage.fu-berlin.de\/melab\/wordpress\/wp-content\/uploads\/2022\/08\/wach-bei-nacht.jpeg?resize=200%2C133&amp;ssl=1 200w, https:\/\/i0.wp.com\/userpage.fu-berlin.de\/melab\/wordpress\/wp-content\/uploads\/2022\/08\/wach-bei-nacht.jpeg?resize=300%2C200&amp;ssl=1 300w, https:\/\/i0.wp.com\/userpage.fu-berlin.de\/melab\/wordpress\/wp-content\/uploads\/2022\/08\/wach-bei-nacht.jpeg?resize=400%2C267&amp;ssl=1 400w, https:\/\/i0.wp.com\/userpage.fu-berlin.de\/melab\/wordpress\/wp-content\/uploads\/2022\/08\/wach-bei-nacht.jpeg?resize=600%2C400&amp;ssl=1 600w, https:\/\/i0.wp.com\/userpage.fu-berlin.de\/melab\/wordpress\/wp-content\/uploads\/2022\/08\/wach-bei-nacht.jpeg?resize=800%2C533&amp;ssl=1 800w, https:\/\/i0.wp.com\/userpage.fu-berlin.de\/melab\/wordpress\/wp-content\/uploads\/2022\/08\/wach-bei-nacht.jpeg?resize=1024%2C683&amp;ssl=1 1024w, https:\/\/i0.wp.com\/userpage.fu-berlin.de\/melab\/wordpress\/wp-content\/uploads\/2022\/08\/wach-bei-nacht.jpeg?resize=1200%2C800&amp;ssl=1 1200w, https:\/\/i0.wp.com\/userpage.fu-berlin.de\/melab\/wordpress\/wp-content\/uploads\/2022\/08\/wach-bei-nacht.jpeg?w=2200 2200w, https:\/\/i0.wp.com\/userpage.fu-berlin.de\/melab\/wordpress\/wp-content\/uploads\/2022\/08\/wach-bei-nacht.jpeg?fit=2250%2C1500&amp;ssl=1 2250w\" sizes=\"(max-width: 300px) 100vw, 300px\" data-recalc-dims=\"1\" \/><p id=\"caption-attachment-11952\" class=\"wp-caption-text\">Auch Mara und Steven bleiben oft bis in die Nacht wach. Doch wir k\u00f6nnen st\u00e4rkere Selbstkontrolle erlernen. | Foto: <a href=\"https:\/\/www.pexels.com\/de-de\/foto\/person-smartphone-bett-schlafzimmer-6943426\/\" target=\"_blank\" rel=\"noopener\">cottonbro<\/a> \/ <a href=\"https:\/\/creativecommons.org\/licenses\/by-sa\/2.0\/\" target=\"_blank\" rel=\"noopener\">CC BY-SA 2.0<\/a><\/p><\/div>\n<p>F\u00fcr l\u00e4ngerfristige L\u00f6sungen wird empfohlen, das Bett und den Schlaf mit positiven und beruhigenden Gef\u00fchlen zu verbinden: Meditation, Reflektion des Tages, der Verzicht auf neue Inhalte und Informationen (zB. durch Media Apps) sind ein Teil. Auch das Bett selber kann von einem \u201enotwendigen \u00dcbel\u201d in einen Ort der Ruhe verwandelt werden. Ein gem\u00fctlicher R\u00fcckzugsort, welcher auch nur f\u00fcr diesen Sinn benutzt wird.<br \/>\nEs gibt weitere Faktoren, die den Schlaf zu einem unsch\u00f6nen Umstand des Tages machen k\u00f6nnen. Eine unpassende Matratze oder Kissen; eine helle oder ger\u00e4uschvolle Umgebung; oder Unwohlsein durch sp\u00e4tes Abendessen k\u00f6nnen die Schlafhygiene stark beeinflussen, die Erholung mindern und damit den Schlaf als \u201cnegative Erfahrung\u201d framen. Hier hilft nur die Auseinandersetzung mit all diesen Themen, um sich einer erholsamen und beruhigenden Nacht zu n\u00e4hern und dann aktiv und regeneriert in den n\u00e4chsten Tag zu starten.<\/p>\n<hr>\n<p><span style=\"color: #003366;\"><strong><img decoding=\"async\" loading=\"lazy\" class=\"alignleft size-thumbnail wp-image-11948\" src=\"https:\/\/i0.wp.com\/userpage.fu-berlin.de\/melab\/wordpress\/wp-content\/uploads\/2022\/08\/jan-czogalla.jpg?resize=150%2C150\" alt=\"\" width=\"150\" height=\"150\" srcset=\"https:\/\/i0.wp.com\/userpage.fu-berlin.de\/melab\/wordpress\/wp-content\/uploads\/2022\/08\/jan-czogalla.jpg?resize=66%2C66&amp;ssl=1 66w, https:\/\/i0.wp.com\/userpage.fu-berlin.de\/melab\/wordpress\/wp-content\/uploads\/2022\/08\/jan-czogalla.jpg?resize=150%2C150&amp;ssl=1 150w, https:\/\/i0.wp.com\/userpage.fu-berlin.de\/melab\/wordpress\/wp-content\/uploads\/2022\/08\/jan-czogalla.jpg?resize=200%2C200&amp;ssl=1 200w, https:\/\/i0.wp.com\/userpage.fu-berlin.de\/melab\/wordpress\/wp-content\/uploads\/2022\/08\/jan-czogalla.jpg?resize=300%2C300&amp;ssl=1 300w, https:\/\/i0.wp.com\/userpage.fu-berlin.de\/melab\/wordpress\/wp-content\/uploads\/2022\/08\/jan-czogalla.jpg?resize=400%2C400&amp;ssl=1 400w, https:\/\/i0.wp.com\/userpage.fu-berlin.de\/melab\/wordpress\/wp-content\/uploads\/2022\/08\/jan-czogalla.jpg?resize=600%2C600&amp;ssl=1 600w, https:\/\/i0.wp.com\/userpage.fu-berlin.de\/melab\/wordpress\/wp-content\/uploads\/2022\/08\/jan-czogalla.jpg?resize=800%2C800&amp;ssl=1 800w, https:\/\/i0.wp.com\/userpage.fu-berlin.de\/melab\/wordpress\/wp-content\/uploads\/2022\/08\/jan-czogalla.jpg?resize=1024%2C1024&amp;ssl=1 1024w, https:\/\/i0.wp.com\/userpage.fu-berlin.de\/melab\/wordpress\/wp-content\/uploads\/2022\/08\/jan-czogalla.jpg?resize=1200%2C1200&amp;ssl=1 1200w, https:\/\/i0.wp.com\/userpage.fu-berlin.de\/melab\/wordpress\/wp-content\/uploads\/2022\/08\/jan-czogalla.jpg?fit=1742%2C1742&amp;ssl=1 1742w\" sizes=\"(max-width: 150px) 100vw, 150px\" data-recalc-dims=\"1\" \/>Jan Czogalla<\/strong> studiert im 4. Semester Publizistik- und Kommunikationswissenschaft, sowie Management und Chinesisch an der FU Berlin. Es ist ihm ein Anliegen, Infos rund um Themen wie Schlafhygiene und gesunde Ern\u00e4hrung zu teilen und Perspektiven zu bieten.<\/span><\/p>\n<hr>\n","protected":false},"excerpt":{"rendered":"<p>Sp\u00e4ter ins Bett gehen und am n\u00e4chsten Tag unerholt aufwachen: Die Revenge Bedtime Procrastination ist ein neues Ph\u00e4nomen, welches auf schlechte Selbstregulierung zur\u00fcckzuf\u00fchren ist. Zwei Studierende berichten \u00fcber ihre Erfahrungen.<\/p>\n","protected":false},"author":1,"featured_media":11949,"comment_status":"closed","ping_status":"closed","sticky":false,"template":"","format":"standard","meta":{"ngg_post_thumbnail":0,"_links_to":"","_links_to_target":""},"categories":[498,497],"tags":[1036,565,1052,1053],"jetpack_featured_media_url":"https:\/\/i0.wp.com\/userpage.fu-berlin.de\/melab\/wordpress\/wp-content\/uploads\/2022\/08\/revenge-bed-procastination-e1659982819393.jpeg?fit=2250%2C1501&ssl=1","_links":{"self":[{"href":"https:\/\/userpage.fu-berlin.de\/melab\/wordpress\/index.php?rest_route=\/wp\/v2\/posts\/11947"}],"collection":[{"href":"https:\/\/userpage.fu-berlin.de\/melab\/wordpress\/index.php?rest_route=\/wp\/v2\/posts"}],"about":[{"href":"https:\/\/userpage.fu-berlin.de\/melab\/wordpress\/index.php?rest_route=\/wp\/v2\/types\/post"}],"author":[{"embeddable":true,"href":"https:\/\/userpage.fu-berlin.de\/melab\/wordpress\/index.php?rest_route=\/wp\/v2\/users\/1"}],"replies":[{"embeddable":true,"href":"https:\/\/userpage.fu-berlin.de\/melab\/wordpress\/index.php?rest_route=%2Fwp%2Fv2%2Fcomments&post=11947"}],"version-history":[{"count":2,"href":"https:\/\/userpage.fu-berlin.de\/melab\/wordpress\/index.php?rest_route=\/wp\/v2\/posts\/11947\/revisions"}],"predecessor-version":[{"id":11955,"href":"https:\/\/userpage.fu-berlin.de\/melab\/wordpress\/index.php?rest_route=\/wp\/v2\/posts\/11947\/revisions\/11955"}],"wp:featuredmedia":[{"embeddable":true,"href":"https:\/\/userpage.fu-berlin.de\/melab\/wordpress\/index.php?rest_route=\/wp\/v2\/media\/11949"}],"wp:attachment":[{"href":"https:\/\/userpage.fu-berlin.de\/melab\/wordpress\/index.php?rest_route=%2Fwp%2Fv2%2Fmedia&parent=11947"}],"wp:term":[{"taxonomy":"category","embeddable":true,"href":"https:\/\/userpage.fu-berlin.de\/melab\/wordpress\/index.php?rest_route=%2Fwp%2Fv2%2Fcategories&post=11947"},{"taxonomy":"post_tag","embeddable":true,"href":"https:\/\/userpage.fu-berlin.de\/melab\/wordpress\/index.php?rest_route=%2Fwp%2Fv2%2Ftags&post=11947"}],"curies":[{"name":"wp","href":"https:\/\/api.w.org\/{rel}","templated":true}]}}