{"id":11924,"date":"2022-10-21T23:24:18","date_gmt":"2022-10-21T21:24:18","guid":{"rendered":"http:\/\/userpage.fu-berlin.de\/melab\/wordpress\/?p=11924"},"modified":"2022-10-21T23:24:18","modified_gmt":"2022-10-21T21:24:18","slug":"raw-gelaende-im-neuen-glanz","status":"publish","type":"post","link":"https:\/\/userpage.fu-berlin.de\/melab\/wordpress\/?p=11924","title":{"rendered":"RAW-Gel\u00e4nde im neuen Glanz"},"content":{"rendered":"<p><strong> Dem RAW-Gel\u00e4nde in Friedrichshain steht ein massiver Umbau bevor. Welche Pl\u00e4ne es aktuell gibt und was das f\u00fcr den Charme des Gel\u00e4ndes bedeutet.<\/strong><\/p>\n<p><!--more--><\/p>\n<p><em>von Lisa Demirel<\/em><\/p>\n<p>Im hippen Viertel Friedrichshain treffen jedes Wochenende tausende feierlustige Menschen an einem Ort zusammen: dem RAW-Gel\u00e4nde. Direkt an der Warschauer Br\u00fccke gelegen, bietet es auf 8.800 Quadratmetern einen bunten Mix aus Clubs, Bars und Kultureinrichtungen. Bisher zumindest. Ab kommendem Jahr steht dem Gel\u00e4nde der gr\u00f6\u00dfte Umbau seines Daseins bevor.<\/p>\n<p>1867 wurden die ehemaligen Lagerhallen erbaut und dienten damals der Eisenbahnreparatur der Deutschen Bahn. Daher stammt auch die Bedeutung der Abk\u00fcrzung RAW: \u201eReichsbahnausbesserungswerk\u201c. Die Deutsche Bahn hatte vorerst selbst \u00fcberlegt, das Gel\u00e4nde umzubauen. Stattdessen verkaufte sie es an mehrere Eigent\u00fcmer. Unter anderem kaufte die Kurth Immobilien GmbH aus G\u00f6ttingen ca. 50.000 Quadratmeter auf, welches drei Viertel des Gel\u00e4ndes entspricht. Seit 1999 entwickelten sich mehr als 60 k\u00fcnstlerische Projekte auf dem Gel\u00e4nde, verwaltet durch den Verein RAW-Tempel e.V.<\/p>\n<p>Auf dem Gel\u00e4nde befinden sich insgesamt sechs Clubs, die die Nacht zum Tag werden lassen: Wei\u00dfer Hase, Suicide Club, Cassiopeia, Urban Spree, Astra, Haubentaucher und das Badehaus. Hinzu kommen die zwei Bars Crack Bellmer und Zum Schmutzigen Hobby. Auf dem Gel\u00e4nde befindet sich au\u00dferdem die Teledisko, eine zum Club umgestaltete Telefonzelle. Doch auch tags\u00fcber wird es hier nie langweilig. F\u00fcr Sportbegeisterte bietet das Gel\u00e4nde eine Skate- sowie eine Kletterhalle. F\u00fcr alle Kunstliebhaber gibt es zwei Ateliers: das RAW ART und die Kunstakademie Friedrichshain. Der Sonntagsspaziergang kann mit einem Ausflug auf den bekannten Flohmarkt verbunden werden.<\/p>\n<div id=\"attachment_11928\" style=\"width: 650px\" class=\"wp-caption aligncenter\"><img aria-describedby=\"caption-attachment-11928\" decoding=\"async\" loading=\"lazy\" class=\"size-full wp-image-11928\" src=\"https:\/\/i0.wp.com\/userpage.fu-berlin.de\/melab\/wordpress\/wp-content\/uploads\/2022\/08\/graffiti-raw-gelaende.png?resize=640%2C425\" alt=\"\" width=\"640\" height=\"425\" srcset=\"https:\/\/i0.wp.com\/userpage.fu-berlin.de\/melab\/wordpress\/wp-content\/uploads\/2022\/08\/graffiti-raw-gelaende.png?resize=200%2C133&amp;ssl=1 200w, https:\/\/i0.wp.com\/userpage.fu-berlin.de\/melab\/wordpress\/wp-content\/uploads\/2022\/08\/graffiti-raw-gelaende.png?resize=300%2C199&amp;ssl=1 300w, https:\/\/i0.wp.com\/userpage.fu-berlin.de\/melab\/wordpress\/wp-content\/uploads\/2022\/08\/graffiti-raw-gelaende.png?resize=400%2C266&amp;ssl=1 400w, https:\/\/i0.wp.com\/userpage.fu-berlin.de\/melab\/wordpress\/wp-content\/uploads\/2022\/08\/graffiti-raw-gelaende.png?resize=600%2C398&amp;ssl=1 600w, https:\/\/i0.wp.com\/userpage.fu-berlin.de\/melab\/wordpress\/wp-content\/uploads\/2022\/08\/graffiti-raw-gelaende.png?fit=640%2C425&amp;ssl=1 640w\" sizes=\"(max-width: 640px) 100vw, 640px\" data-recalc-dims=\"1\" \/><p id=\"caption-attachment-11928\" class=\"wp-caption-text\">Eines der vielen Graffitis auf dem Gel\u00e4nde | Foto: Lisa Demirel<\/p><\/div>\n<div id=\"attachment_11925\" style=\"width: 650px\" class=\"wp-caption aligncenter\"><img aria-describedby=\"caption-attachment-11925\" decoding=\"async\" loading=\"lazy\" class=\"size-full wp-image-11925\" src=\"https:\/\/i0.wp.com\/userpage.fu-berlin.de\/melab\/wordpress\/wp-content\/uploads\/2022\/08\/teledisko.jpeg?resize=640%2C426\" alt=\"\" width=\"640\" height=\"426\" srcset=\"https:\/\/i0.wp.com\/userpage.fu-berlin.de\/melab\/wordpress\/wp-content\/uploads\/2022\/08\/teledisko.jpeg?resize=200%2C133&amp;ssl=1 200w, https:\/\/i0.wp.com\/userpage.fu-berlin.de\/melab\/wordpress\/wp-content\/uploads\/2022\/08\/teledisko.jpeg?resize=300%2C200&amp;ssl=1 300w, https:\/\/i0.wp.com\/userpage.fu-berlin.de\/melab\/wordpress\/wp-content\/uploads\/2022\/08\/teledisko.jpeg?resize=400%2C266&amp;ssl=1 400w, https:\/\/i0.wp.com\/userpage.fu-berlin.de\/melab\/wordpress\/wp-content\/uploads\/2022\/08\/teledisko.jpeg?resize=600%2C399&amp;ssl=1 600w, https:\/\/i0.wp.com\/userpage.fu-berlin.de\/melab\/wordpress\/wp-content\/uploads\/2022\/08\/teledisko.jpeg?fit=640%2C426&amp;ssl=1 640w\" sizes=\"(max-width: 640px) 100vw, 640px\" data-recalc-dims=\"1\" \/><p id=\"caption-attachment-11925\" class=\"wp-caption-text\">Die Teledisko: Der kleinste Club Berlins | Foto: Lisa Demirel<\/p><\/div>\n<p>Doch das Gel\u00e4nde hat auch eine andere Seite. Wie in jedem Party-Viertel Berlins gibt es auch hier Probleme: Konflikte zwischen Anwohnern und Feiernden sind hier kein Fremdwort. Drogenkonsum, Vandalismus, Gewalt und M\u00fcll pr\u00e4gen das Bild des RAW-Gel\u00e4ndes. Es kommt seit Jahren immer wieder zu Polizeieins\u00e4tzen auf dem Gel\u00e4nde, was zum Unmut der Anwohner f\u00fchrt.<\/p>\n<h3>Die Auswirkungen der Corona-Pandemie auf das Gel\u00e4nde<\/h3>\n<p>In der Corona-Pandemie war das Feiern auf dem Gel\u00e4nde lange Zeit nicht m\u00f6glich. Diese Zeit hat den Raum gegeben, die Nutzung des RAW-Gel\u00e4ndes zu \u00fcberdenken und zu ver\u00e4ndern. Statt nachts wurde das Gel\u00e4nde \u00fcberwiegend tags\u00fcber genutzt. Neben den bereits bestehenden Sport- und Kulturangeboten kamen ein Zero Stress Garden, sowie ein Urban-Gardening-Bereich hinzu. Diese wurden sowohl von Anwohnern als auch von Besuchern mit Begeisterung genutzt. Die Zahl der Polizeieins\u00e4tze ist nach Angaben der Berliner Polizei im Zuge der Ver\u00e4nderungen deutlich zur\u00fcckgegangen.<\/p>\n<p>Nun ist das Nachtleben seit der Wiederer\u00f6ffnung nach mehreren Corona-Lockdowns wieder voll im Gange und es bleibt spannend, wie sich die Nutzung des Gel\u00e4ndes weiterhin entwickeln wird.<\/p>\n<h3>Die Pl\u00e4ne f\u00fcr den Umbau laufen auf Hochtouren<\/h3>\n<p>Wie wir sehen k\u00f6nnen, gibt es viele Gr\u00fcnde, wieso das Gel\u00e4nde von seinen Besuchern bisher gesch\u00e4tzt wurde. Jetzt droht der einzigartige Charme des Gel\u00e4ndes jedoch bald Geschichte zu sein. Demn\u00e4chst soll ein B\u00fcrokomplex mit ca. 100 Metern H\u00f6he erbaut werden. Dar\u00fcber hinaus werden mehrere Geb\u00e4ude abgerissen und durch Neubauten ersetzt. Drei der Hallen auf dem Gel\u00e4nde stehen unter Denkmalschutz und sollen daher saniert werden. Die Pl\u00e4ne f\u00fcr den Umbau stammen vom Architekturb\u00fcro Holzer Kobler in Zusammenarbeit mit dem Atelier Loidl Landschaftsarchitekten. Der Bezirksstadtrat von Friedrichshain-Kreuzberg, Florian Schmidt (B\u00fcndnis 90\/Gr\u00fcne), wies jegliche Kritik zum Projekt zur\u00fcck. In einem Gespr\u00e4ch mit dem rbb teilte er mit, er hoffe, dass die Neubauten mit der bestehenden Nutzung zusammenpassten und der Charme des RAW-Gel\u00e4ndes so nicht verloren gehen wird.<\/p>\n<p>Florian Falkenhagen, der Betreiber des Cassiopeia-Clubs auf dem Gel\u00e4nde, hofft ebenfalls, eine gemeinsame L\u00f6sung finden zu k\u00f6nnen. Er ist jedoch vorerst zufrieden: &#8222;Ich glaube, wir k\u00f6nnen auf der einen Seite gl\u00fccklich sein, dass wir \u00fcberhaupt bestehen k\u00f6nnen. Man habe \u00fcber die Jahre einen Kompromiss gefunden, so dass es f\u00fcr die Subkultur weitergehen k\u00f6nne. In Berlin sieht man es oft, dass das nicht der Fall ist.&#8220; sagte er im Gespr\u00e4ch mit der rbb24 Abendschau. So geht es unter anderem dem Astra-Club, welcher f\u00fcr den Bau des Hochhauses weichen soll und daher abgerissen wird. Die Kunstateliers werden dank eines 30-j\u00e4hrigen Bestandsvertrages bestehen bleiben k\u00f6nnen.<\/p>\n<p>Die Meinungen aus der Gesellschaft zu den Pl\u00e4nen teilen sich. W\u00e4hrend manche den Umbau bef\u00fcrworten, sehen viele Besucher die geplanten Ma\u00dfnahmen kritisch. Die Anwohner d\u00fcrften die Ma\u00dfnahmen wahrscheinlich freuen. Angesichts der positiven Auswirkungen, welche die Pandemie mit sich brachte, wird ein Neubaugebiet wahrscheinlich auch zu weniger M\u00fcll und Gewalt f\u00fchren. Jedoch birgt das Projekt auch neues Konfliktpotential. W\u00e4hrend die einen morgens im B\u00fcrokomplex ungest\u00f6rt arbeiten m\u00f6chten, feiern die anderen direkt nebenan bis in die Morgenstunden. L\u00e4rmbel\u00e4stigung wird somit voraussichtlich ein gro\u00dfes Thema spielen.<\/p>\n<h3>Statements der Besucher zum Umbau<\/h3>\n<p>In einem schriftlichen Statement verriet mir Mara, eine Besucherin des RAW-Gel\u00e4ndes, sie f\u00e4nde es schade, dass einer der beliebtesten Kultur- und Feierorte in Friedrichshain nun, wie so viele andere Orte in Berlin, der Gentrifizierung unterliegt. Eine Koexistenz von B\u00fcrogeb\u00e4uden und Clubs kann sie sich pers\u00f6nlich nicht vorstellen. Durch die gegens\u00e4tzlichen Intentionen f\u00fcr die Nutzung des Gel\u00e4ndes w\u00e4ren Unstimmigkeiten ihrer Meinung nach vorprogrammiert. Zudem ginge mit dem Umbau ein zentraler Bestandteil von Friedrichshain verloren, der f\u00fcr sie den Charme und die Attraktivit\u00e4t des Kiezes ausmacht.<\/p>\n<p>W\u00e4hrend meiner Recherche bin ich zum RAW-Gel\u00e4nde gefahren und habe die Besucher dort ebenfalls nach ihrer Meinung gefragt. Fabian, der am Samstagabend mit seinen Freunden unterwegs war, verriet mir folgendes: \u201eIch find\u2019s echt schade mit dem Umbau. Wir kommen immer gerne an den Wochenenden zum Feiern her. Glaube nicht, dass es dann noch das Gleiche ist\u2026 Aber mal abwarten.\u201c<\/p>\n<div id=\"attachment_11929\" style=\"width: 650px\" class=\"wp-caption aligncenter\"><img aria-describedby=\"caption-attachment-11929\" decoding=\"async\" loading=\"lazy\" class=\"size-full wp-image-11929\" src=\"https:\/\/i0.wp.com\/userpage.fu-berlin.de\/melab\/wordpress\/wp-content\/uploads\/2022\/08\/besucher-raw-gelaende.png?resize=640%2C425\" alt=\"\" width=\"640\" height=\"425\" srcset=\"https:\/\/i0.wp.com\/userpage.fu-berlin.de\/melab\/wordpress\/wp-content\/uploads\/2022\/08\/besucher-raw-gelaende.png?resize=200%2C133&amp;ssl=1 200w, https:\/\/i0.wp.com\/userpage.fu-berlin.de\/melab\/wordpress\/wp-content\/uploads\/2022\/08\/besucher-raw-gelaende.png?resize=300%2C199&amp;ssl=1 300w, https:\/\/i0.wp.com\/userpage.fu-berlin.de\/melab\/wordpress\/wp-content\/uploads\/2022\/08\/besucher-raw-gelaende.png?resize=400%2C266&amp;ssl=1 400w, https:\/\/i0.wp.com\/userpage.fu-berlin.de\/melab\/wordpress\/wp-content\/uploads\/2022\/08\/besucher-raw-gelaende.png?resize=600%2C398&amp;ssl=1 600w, https:\/\/i0.wp.com\/userpage.fu-berlin.de\/melab\/wordpress\/wp-content\/uploads\/2022\/08\/besucher-raw-gelaende.png?fit=640%2C425&amp;ssl=1 640w\" sizes=\"(max-width: 640px) 100vw, 640px\" data-recalc-dims=\"1\" \/><p id=\"caption-attachment-11929\" class=\"wp-caption-text\">Besucher schlendern nachts \u00fcber das RAW-Gel\u00e4nde. | Foto: Lisa Demirel<\/p><\/div>\n<p>Es bleibt spannend, wie die Pl\u00e4ne in der Umsetzung aussehen werden und ob sich die Besucher weiterhin \u00fcber ein einzigartiges Gel\u00e4nde freuen k\u00f6nnen oder ob der Charme des RAW-Gel\u00e4ndes endg\u00fcltig verloren ist.<\/p>\n<hr>\n<p><span style=\"color: #003366;\"><strong><img decoding=\"async\" loading=\"lazy\" class=\"alignleft size-thumbnail wp-image-11927\" src=\"https:\/\/i0.wp.com\/userpage.fu-berlin.de\/melab\/wordpress\/wp-content\/uploads\/2022\/08\/lisa-demirel.jpeg?resize=150%2C150\" alt=\"\" width=\"150\" height=\"150\" srcset=\"https:\/\/i0.wp.com\/userpage.fu-berlin.de\/melab\/wordpress\/wp-content\/uploads\/2022\/08\/lisa-demirel.jpeg?resize=66%2C66&amp;ssl=1 66w, https:\/\/i0.wp.com\/userpage.fu-berlin.de\/melab\/wordpress\/wp-content\/uploads\/2022\/08\/lisa-demirel.jpeg?resize=150%2C150&amp;ssl=1 150w, https:\/\/i0.wp.com\/userpage.fu-berlin.de\/melab\/wordpress\/wp-content\/uploads\/2022\/08\/lisa-demirel.jpeg?zoom=2&amp;resize=150%2C150 300w, https:\/\/i0.wp.com\/userpage.fu-berlin.de\/melab\/wordpress\/wp-content\/uploads\/2022\/08\/lisa-demirel.jpeg?fit=308%2C241&amp;ssl=1 308w\" sizes=\"(max-width: 150px) 100vw, 150px\" data-recalc-dims=\"1\" \/>Lisa Demirel<\/strong> studiert Englische Philologie, sowie Publizistik- und Kommunikationswissenschaft im 4. Semester an der FU Berlin.<\/span><\/p>\n<hr>\n","protected":false},"excerpt":{"rendered":"<p>Dem RAW-Gel\u00e4nde in Friedrichshain steht ein massiver Umbau bevor. Welche Pl\u00e4ne es aktuell gibt und was das f\u00fcr den Charme des Gel\u00e4ndes bedeutet.<\/p>\n","protected":false},"author":1,"featured_media":11926,"comment_status":"closed","ping_status":"closed","sticky":false,"template":"","format":"standard","meta":{"ngg_post_thumbnail":0,"_links_to":"","_links_to_target":""},"categories":[501,497],"tags":[1036,51,897,565,1049,1048,1047],"jetpack_featured_media_url":"https:\/\/i0.wp.com\/userpage.fu-berlin.de\/melab\/wordpress\/wp-content\/uploads\/2022\/08\/raw-gelaende-im-neuen-glanz-e1659380779844.png?fit=640%2C427&ssl=1","_links":{"self":[{"href":"https:\/\/userpage.fu-berlin.de\/melab\/wordpress\/index.php?rest_route=\/wp\/v2\/posts\/11924"}],"collection":[{"href":"https:\/\/userpage.fu-berlin.de\/melab\/wordpress\/index.php?rest_route=\/wp\/v2\/posts"}],"about":[{"href":"https:\/\/userpage.fu-berlin.de\/melab\/wordpress\/index.php?rest_route=\/wp\/v2\/types\/post"}],"author":[{"embeddable":true,"href":"https:\/\/userpage.fu-berlin.de\/melab\/wordpress\/index.php?rest_route=\/wp\/v2\/users\/1"}],"replies":[{"embeddable":true,"href":"https:\/\/userpage.fu-berlin.de\/melab\/wordpress\/index.php?rest_route=%2Fwp%2Fv2%2Fcomments&post=11924"}],"version-history":[{"count":3,"href":"https:\/\/userpage.fu-berlin.de\/melab\/wordpress\/index.php?rest_route=\/wp\/v2\/posts\/11924\/revisions"}],"predecessor-version":[{"id":12243,"href":"https:\/\/userpage.fu-berlin.de\/melab\/wordpress\/index.php?rest_route=\/wp\/v2\/posts\/11924\/revisions\/12243"}],"wp:featuredmedia":[{"embeddable":true,"href":"https:\/\/userpage.fu-berlin.de\/melab\/wordpress\/index.php?rest_route=\/wp\/v2\/media\/11926"}],"wp:attachment":[{"href":"https:\/\/userpage.fu-berlin.de\/melab\/wordpress\/index.php?rest_route=%2Fwp%2Fv2%2Fmedia&parent=11924"}],"wp:term":[{"taxonomy":"category","embeddable":true,"href":"https:\/\/userpage.fu-berlin.de\/melab\/wordpress\/index.php?rest_route=%2Fwp%2Fv2%2Fcategories&post=11924"},{"taxonomy":"post_tag","embeddable":true,"href":"https:\/\/userpage.fu-berlin.de\/melab\/wordpress\/index.php?rest_route=%2Fwp%2Fv2%2Ftags&post=11924"}],"curies":[{"name":"wp","href":"https:\/\/api.w.org\/{rel}","templated":true}]}}