{"id":11585,"date":"2022-05-27T09:51:31","date_gmt":"2022-05-27T07:51:31","guid":{"rendered":"http:\/\/userpage.fu-berlin.de\/melab\/wordpress\/?p=11585"},"modified":"2022-05-27T09:51:31","modified_gmt":"2022-05-27T07:51:31","slug":"illegale-sperrmuellentsorgung-in-moabit","status":"publish","type":"post","link":"https:\/\/userpage.fu-berlin.de\/melab\/wordpress\/?p=11585","title":{"rendered":"Illegale Sperrm\u00fcllentsorgung in Moabit"},"content":{"rendered":"<p><strong> Das Berliner Viertel Moabit ringt mit der zunehmenden Verm\u00fcllung der B\u00fcrgersteige durch ordnungswidrig abgestellten Sperrm\u00fcll. Anwohnerinnen und Anwohner sind genervt, das Ordnungsamt bekommt das Problem nicht in den Griff.<\/strong><\/p>\n<p><!--more--><\/p>\n<p><em>von Isa Can Artar<\/em><\/p>\n<p>T\u00e4glich landet neuer Sperrm\u00fcll auf den Stra\u00dfen Moabits. Inzwischen hat fast jede Stra\u00dfe des Moabits eine Ecke, an welcher Waschmaschinen, Regale, Schr\u00e4nke, Geschirr oder alte Fernseher abgestellt werden, die nicht mehr brauchbar sind. Und wenn die Nachbar:innen in einer Ecke M\u00fcll sehen, nutzen sie ebenfalls die Gelegenheit, ihren M\u00fcll hinzu zu schmei\u00dfen \u2013 denn so m\u00fcssen sie ihren M\u00fcll nicht zu einem Recyclinghof bringen, was Zeit und Geld kosten w\u00fcrde. F\u00fcr Menschen, die kein Auto oder keinen F\u00fchrerschein besitzen, ist die Sperrm\u00fcllentsorgung besonders aufw\u00e4ndig, sie m\u00fcssten ein Auto mieten oder einen Freund\/eine Freundin fragen, der\/die ein Auto besitzt und Zeit hat, ihnen bei der Entsorgung zu helfen. Da ist es bequemer, den eigenen alten Unrat einfach mit auf die Stra\u00dfen Moabits zu stellen.<\/p>\n<div id=\"attachment_11586\" style=\"width: 2010px\" class=\"wp-caption aligncenter\"><img aria-describedby=\"caption-attachment-11586\" decoding=\"async\" loading=\"lazy\" class=\"size-full wp-image-11586\" src=\"https:\/\/i0.wp.com\/userpage.fu-berlin.de\/melab\/wordpress\/wp-content\/uploads\/2022\/03\/fernseher.jpeg?resize=1100%2C825\" alt=\"\" width=\"1100\" height=\"825\" srcset=\"https:\/\/i0.wp.com\/userpage.fu-berlin.de\/melab\/wordpress\/wp-content\/uploads\/2022\/03\/fernseher.jpeg?resize=200%2C150&amp;ssl=1 200w, https:\/\/i0.wp.com\/userpage.fu-berlin.de\/melab\/wordpress\/wp-content\/uploads\/2022\/03\/fernseher.jpeg?resize=300%2C225&amp;ssl=1 300w, https:\/\/i0.wp.com\/userpage.fu-berlin.de\/melab\/wordpress\/wp-content\/uploads\/2022\/03\/fernseher.jpeg?resize=400%2C300&amp;ssl=1 400w, https:\/\/i0.wp.com\/userpage.fu-berlin.de\/melab\/wordpress\/wp-content\/uploads\/2022\/03\/fernseher.jpeg?resize=600%2C450&amp;ssl=1 600w, https:\/\/i0.wp.com\/userpage.fu-berlin.de\/melab\/wordpress\/wp-content\/uploads\/2022\/03\/fernseher.jpeg?resize=800%2C600&amp;ssl=1 800w, https:\/\/i0.wp.com\/userpage.fu-berlin.de\/melab\/wordpress\/wp-content\/uploads\/2022\/03\/fernseher.jpeg?resize=1024%2C768&amp;ssl=1 1024w, https:\/\/i0.wp.com\/userpage.fu-berlin.de\/melab\/wordpress\/wp-content\/uploads\/2022\/03\/fernseher.jpeg?resize=1200%2C900&amp;ssl=1 1200w, https:\/\/i0.wp.com\/userpage.fu-berlin.de\/melab\/wordpress\/wp-content\/uploads\/2022\/03\/fernseher.jpeg?fit=2000%2C1500&amp;ssl=1 2000w\" sizes=\"(max-width: 1100px) 100vw, 1100px\" data-recalc-dims=\"1\" \/><p id=\"caption-attachment-11586\" class=\"wp-caption-text\">Sperrm\u00fcll wie in der Oldenburger Stra\u00dfe pr\u00e4gt das Stra\u00dfenbild in Moabit. | Foto: Isa Can Artar<\/p><\/div>\n<h3>Meldungen beim Ordnungsamt helfen nicht<\/h3>\n<p>In der Moabiter Nachbarschaft st\u00f6\u00dft die zunehmende Verm\u00fcllung auf gro\u00dfes Unverst\u00e4ndnis. Susanne Taps wohnt seit 2010 in Moabit und bedauert, dass in den letzten f\u00fcnf Jahren immer mehr Sperrm\u00fcll auf der Stra\u00dfe landet: \u201cAm Anfang lag Sperrm\u00fcll regelm\u00e4\u00dfig nur auf der Stra\u00dfe, wenn Leute umgezogen sind oder zu Weihnachten\u201d, erz\u00e4hlt die Anwohnerin. Fr\u00fcher habe sie mehrmals andere Bewohner:innen darauf angesprochen, wenn Sperrm\u00fcll auf die B\u00fcrgersteige gestellt wurde \u2013 wegen der vielen negativen Reaktionen, die sie bekommen hat, traue sie sich inzwischen aber immer seltener in den Dialog mit den Nachbar:innen zu treten: \u201cBei uns lag der Sperrm\u00fcll regelm\u00e4\u00dfig vor einem kleinen Unternehmen, dessen Besitzer ich mal angesprochen habe. Der hat jedoch weit von sich gewiesen, dass er verantwortlich sei. Allerdings hat eine Mitbewohnerin in einem Haus beobachtet, dass ein Mann aus diesem Unternehmen Sperrm\u00fcll abgestellt hat\u201d, erz\u00e4hlt Susanne Taps. Meldungen beim Ordnungsamt oder bei der Polizei helfen nicht. Im Gegenteil: Sie wurde vom Ordnungsamt schon schriftlich aufgefordert, auf die Meldungen zu verzichten, obwohl die Nachbarschaft andererseits durch den Berliner Senat darauf hingewiesen wurde, Abladungen von Sperrm\u00fcll zu melden.<\/p>\n<div id=\"attachment_11588\" style=\"width: 2010px\" class=\"wp-caption aligncenter\"><img aria-describedby=\"caption-attachment-11588\" decoding=\"async\" loading=\"lazy\" class=\"size-full wp-image-11588\" src=\"https:\/\/i0.wp.com\/userpage.fu-berlin.de\/melab\/wordpress\/wp-content\/uploads\/2022\/03\/sofa.jpeg?resize=1100%2C825\" alt=\"\" width=\"1100\" height=\"825\" srcset=\"https:\/\/i0.wp.com\/userpage.fu-berlin.de\/melab\/wordpress\/wp-content\/uploads\/2022\/03\/sofa.jpeg?resize=200%2C150&amp;ssl=1 200w, https:\/\/i0.wp.com\/userpage.fu-berlin.de\/melab\/wordpress\/wp-content\/uploads\/2022\/03\/sofa.jpeg?resize=300%2C225&amp;ssl=1 300w, https:\/\/i0.wp.com\/userpage.fu-berlin.de\/melab\/wordpress\/wp-content\/uploads\/2022\/03\/sofa.jpeg?resize=400%2C300&amp;ssl=1 400w, https:\/\/i0.wp.com\/userpage.fu-berlin.de\/melab\/wordpress\/wp-content\/uploads\/2022\/03\/sofa.jpeg?resize=600%2C450&amp;ssl=1 600w, https:\/\/i0.wp.com\/userpage.fu-berlin.de\/melab\/wordpress\/wp-content\/uploads\/2022\/03\/sofa.jpeg?resize=800%2C600&amp;ssl=1 800w, https:\/\/i0.wp.com\/userpage.fu-berlin.de\/melab\/wordpress\/wp-content\/uploads\/2022\/03\/sofa.jpeg?resize=1024%2C768&amp;ssl=1 1024w, https:\/\/i0.wp.com\/userpage.fu-berlin.de\/melab\/wordpress\/wp-content\/uploads\/2022\/03\/sofa.jpeg?resize=1200%2C900&amp;ssl=1 1200w, https:\/\/i0.wp.com\/userpage.fu-berlin.de\/melab\/wordpress\/wp-content\/uploads\/2022\/03\/sofa.jpeg?fit=2000%2C1500&amp;ssl=1 2000w\" sizes=\"(max-width: 1100px) 100vw, 1100px\" data-recalc-dims=\"1\" \/><p id=\"caption-attachment-11588\" class=\"wp-caption-text\">Kaputte M\u00f6bel auf den Moabiter Stra\u00dfen ver\u00e4rgern einige Anwohner:innen. ?| Foto: Isa Can Artar<\/p><\/div>\n<p>Dabei kann die unerlaubte Sperrm\u00fcllentsorgung sogar hohe Strafen mit sich bringen: Sperrm\u00fcll auf der Stra\u00dfe zu entsorgen ist eine Ordnungswidrigkeit und kann laut Bezirksamt Mitte mit einer Geldbu\u00dfe von bis zu 50.000 \u20ac geahndet werden. In der Praxis sieht es aber anders aus. Auf Anfrage erkl\u00e4rte das Bezirksamt Mitte, dass wegen fehlender Zeugen oder Angaben zu etwaigen Tatverd\u00e4chtigen viele Ordnungswidrigkeitsverfahren eingestellt werden m\u00fcssen. Als eine Zwischenl\u00f6sung bietet das Bezirksamt Sperrm\u00fcllaktionstage an, an denen Bewohner:innen ihren M\u00fcll bei einem Wagen der BSR (Berliner Stadtreinigung), den sie zu Fu\u00df erreichen k\u00f6nnen, kostenlos beseitigen k\u00f6nnen. So konnten im letzten Jahr 1.324 B\u00fcrger:innen insgesamt 1.207 Kubikmeter Sperrm\u00fcll und 2.498 Elektro-Ger\u00e4te \u00fcber die Sperrm\u00fcllaktionstage entsorgen, was das Bezirksamt Mitte als erfolgreich bezeichnet. Zeitgleich stattfindende Tauschm\u00e4rkte trugen dazu bei, dass andere Anwohner:innen wiederverwendbare Ger\u00e4te mitnahmen.<\/p>\n<h3>Ein Projekt zur Beseitigung: Kiezl\u00e4ufer<\/h3>\n<p>Da die Sperrm\u00fcllanh\u00e4ufung im Stadtteil ein wiederkehrendes Problem ist, erreichen viele Anfragen von Bewohner:innen das Quartiersmanagement Beusselstra\u00dfe (bis Ende 2020 QM-Moabit West). Katharina Z\u00f6ller arbeitet seit September 2021 im Team des Quartiersmanagements und ist Ansprechpartnerin f\u00fcr Bewegung und Umwelt. Z\u00f6ller betont, dass das Problem zwar nicht von Bewohner:innen ehrenamtlich gel\u00f6st werden k\u00f6nne, aber immerhin viele Bewohner*innen sich aktiv mit dem Thema besch\u00e4ftigen w\u00fcrden. Das Quartiersmanagement selbst k\u00e4mpft seit August 2002 mit dem Projekt \u201cKiezl\u00e4ufer\u201d gegen das Problem an: Sogenannte \u201eKiezl\u00e4ufer\u201c gehen durch den Kiez und schauen, wo Sperrm\u00fcll abgelegt wird. Wenn an bestimmten Stellen immer wieder Sperrm\u00fcll abgelegt wird, melden die Kiezl\u00e4ufer das dann an das Quartiersmanagement oder an das Ordnungsamt \u00fcber die Ordnungsamt-App.<\/p>\n<p>Doch ein Rundgang durch die Stra\u00dfen Moabits zeigt, dass diese Ma\u00dfnahmen noch lange nicht ausreichen, um die Stra\u00dfen im Berliner Bezirk vom Sperrm\u00fcll zu befreien.<\/p>\n<hr>\n<p><span style=\"color: #003366;\"><strong><img decoding=\"async\" loading=\"lazy\" class=\"alignleft size-thumbnail wp-image-11587\" src=\"https:\/\/i0.wp.com\/userpage.fu-berlin.de\/melab\/wordpress\/wp-content\/uploads\/2022\/03\/isa-can-artar-e1646687428611-150x150.jpg?resize=150%2C150\" alt=\"\" width=\"150\" height=\"150\" srcset=\"https:\/\/i0.wp.com\/userpage.fu-berlin.de\/melab\/wordpress\/wp-content\/uploads\/2022\/03\/isa-can-artar-e1646687428611.jpg?resize=66%2C66&amp;ssl=1 66w, https:\/\/i0.wp.com\/userpage.fu-berlin.de\/melab\/wordpress\/wp-content\/uploads\/2022\/03\/isa-can-artar-e1646687428611.jpg?resize=150%2C150&amp;ssl=1 150w, https:\/\/i0.wp.com\/userpage.fu-berlin.de\/melab\/wordpress\/wp-content\/uploads\/2022\/03\/isa-can-artar-e1646687428611.jpg?resize=200%2C200&amp;ssl=1 200w, https:\/\/i0.wp.com\/userpage.fu-berlin.de\/melab\/wordpress\/wp-content\/uploads\/2022\/03\/isa-can-artar-e1646687428611.jpg?resize=300%2C300&amp;ssl=1 300w, https:\/\/i0.wp.com\/userpage.fu-berlin.de\/melab\/wordpress\/wp-content\/uploads\/2022\/03\/isa-can-artar-e1646687428611.jpg?resize=400%2C400&amp;ssl=1 400w, https:\/\/i0.wp.com\/userpage.fu-berlin.de\/melab\/wordpress\/wp-content\/uploads\/2022\/03\/isa-can-artar-e1646687428611.jpg?resize=600%2C600&amp;ssl=1 600w, https:\/\/i0.wp.com\/userpage.fu-berlin.de\/melab\/wordpress\/wp-content\/uploads\/2022\/03\/isa-can-artar-e1646687428611.jpg?fit=640%2C640&amp;ssl=1 640w\" sizes=\"(max-width: 150px) 100vw, 150px\" data-recalc-dims=\"1\" \/>Isa Can Artar<\/strong>, ein neuer Berliner, geboren im Jahr 1993, studiert Publizistik- und Kommunikationswissenschaft als Hauptfach und Kunstgeschichte als Nebenfach im 5. Semester. Er schreibt im Tagesspiegel im Projekt \u201eStimmen des Exils\u201c<strong>.<br \/>\n<\/strong><\/span><\/p>\n<hr>\n","protected":false},"excerpt":{"rendered":"<p>Das Berliner Viertel Moabit ringt mit der zunehmenden Verm\u00fcllung der B\u00fcrgersteige durch ordnungswidrig abgestellten Sperrm\u00fcll. Anwohnerinnen und Anwohner sind genervt, das Ordnungsamt bekommt das Problem nicht in den Griff.<\/p>\n","protected":false},"author":1,"featured_media":11589,"comment_status":"closed","ping_status":"closed","sticky":false,"template":"","format":"standard","meta":{"ngg_post_thumbnail":0,"_links_to":"","_links_to_target":""},"categories":[501,497,500],"tags":[935,51,168,1017,1016],"jetpack_featured_media_url":"https:\/\/i0.wp.com\/userpage.fu-berlin.de\/melab\/wordpress\/wp-content\/uploads\/2022\/03\/sperrmuell-e1646687491618.jpeg?fit=2000%2C1335&ssl=1","_links":{"self":[{"href":"https:\/\/userpage.fu-berlin.de\/melab\/wordpress\/index.php?rest_route=\/wp\/v2\/posts\/11585"}],"collection":[{"href":"https:\/\/userpage.fu-berlin.de\/melab\/wordpress\/index.php?rest_route=\/wp\/v2\/posts"}],"about":[{"href":"https:\/\/userpage.fu-berlin.de\/melab\/wordpress\/index.php?rest_route=\/wp\/v2\/types\/post"}],"author":[{"embeddable":true,"href":"https:\/\/userpage.fu-berlin.de\/melab\/wordpress\/index.php?rest_route=\/wp\/v2\/users\/1"}],"replies":[{"embeddable":true,"href":"https:\/\/userpage.fu-berlin.de\/melab\/wordpress\/index.php?rest_route=%2Fwp%2Fv2%2Fcomments&post=11585"}],"version-history":[{"count":3,"href":"https:\/\/userpage.fu-berlin.de\/melab\/wordpress\/index.php?rest_route=\/wp\/v2\/posts\/11585\/revisions"}],"predecessor-version":[{"id":11769,"href":"https:\/\/userpage.fu-berlin.de\/melab\/wordpress\/index.php?rest_route=\/wp\/v2\/posts\/11585\/revisions\/11769"}],"wp:featuredmedia":[{"embeddable":true,"href":"https:\/\/userpage.fu-berlin.de\/melab\/wordpress\/index.php?rest_route=\/wp\/v2\/media\/11589"}],"wp:attachment":[{"href":"https:\/\/userpage.fu-berlin.de\/melab\/wordpress\/index.php?rest_route=%2Fwp%2Fv2%2Fmedia&parent=11585"}],"wp:term":[{"taxonomy":"category","embeddable":true,"href":"https:\/\/userpage.fu-berlin.de\/melab\/wordpress\/index.php?rest_route=%2Fwp%2Fv2%2Fcategories&post=11585"},{"taxonomy":"post_tag","embeddable":true,"href":"https:\/\/userpage.fu-berlin.de\/melab\/wordpress\/index.php?rest_route=%2Fwp%2Fv2%2Ftags&post=11585"}],"curies":[{"name":"wp","href":"https:\/\/api.w.org\/{rel}","templated":true}]}}