{"id":11519,"date":"2022-02-21T13:11:22","date_gmt":"2022-02-21T11:11:22","guid":{"rendered":"http:\/\/userpage.fu-berlin.de\/melab\/wordpress\/?p=11519"},"modified":"2022-02-21T13:14:10","modified_gmt":"2022-02-21T11:14:10","slug":"der-weg-zum-deutschen-pass-audio","status":"publish","type":"post","link":"https:\/\/userpage.fu-berlin.de\/melab\/wordpress\/?p=11519","title":{"rendered":"Der Weg zum deutschen Pass (Audio)"},"content":{"rendered":"<p><strong> Wer sowas einfach qua Geburt geschenkt bekommt, macht sich keine Vorstellung vom H\u00fcrdenspringen auf dem Weg zum deutschen Pass. Welche Bedingungen f\u00fcr jeweils welche Vorstufe erf\u00fcllt sein m\u00fcssen, das w\u00e4re auch f\u00fcr Muttersprachler nicht leicht zu verstehen. Lukas Breit, Giuliana Hartmann und Andrea Lora Rojas haben das versucht. Sie begleiten zwei InterviewparternInnen auf dem Weg zum deutschen Pass. <\/strong><\/p>\n<p><!--more--><\/p>\n<!--[if lt IE 9]><script>document.createElement('audio');<\/script><![endif]-->\n<audio class=\"wp-audio-shortcode\" id=\"audio-11519-1\" preload=\"none\" style=\"width: 100%;\" controls=\"controls\"><source type=\"audio\/mpeg\" src=\"http:\/\/userpage.fu-berlin.de\/melab\/wordpress\/wp-content\/uploads\/2022\/02\/Podcast%20Deutscher%20Pass%20-%20\u00fcberarbeitet.mp3?_=1\" \/><a href=\"http:\/\/userpage.fu-berlin.de\/melab\/wordpress\/wp-content\/uploads\/2022\/02\/Podcast%20Deutscher%20Pass%20-%20\u00fcberarbeitet.mp3\">http:\/\/userpage.fu-berlin.de\/melab\/wordpress\/wp-content\/uploads\/2022\/02\/Podcast%20Deutscher%20Pass%20-%20\u00fcberarbeitet.mp3<\/a><\/audio>\n<p><em>von Lukas Breit, Giuliana Hartmann, Andrea Lora Rojas<\/em><\/p>\n","protected":false},"excerpt":{"rendered":"<p>Wer sowas einfach qua Geburt geschenkt bekommt, macht sich keine Vorstellung vom H\u00fcrdenspringen auf dem Weg zum deutschen Pass. Welche Bedingungen f\u00fcr jeweils welche Vorstufe erf\u00fcllt sein m\u00fcssen, das w\u00e4re auch f\u00fcr Muttersprachler nicht leicht zu verstehen. Lukas Breit, Giuliana Hartmann und Andrea Lora Rojas haben das versucht. Sie begleiten zwei InterviewparternInnen auf dem Weg [&hellip;]<\/p>\n","protected":false},"author":1,"featured_media":11521,"comment_status":"closed","ping_status":"closed","sticky":false,"template":"","format":"standard","meta":{"ngg_post_thumbnail":0,"_links_to":"","_links_to_target":""},"categories":[496,500,97],"tags":[935,146,32,166,1003],"jetpack_featured_media_url":"https:\/\/i0.wp.com\/userpage.fu-berlin.de\/melab\/wordpress\/wp-content\/uploads\/2022\/02\/reisepass-e1645436462246.jpg?fit=2346%2C1566&ssl=1","_links":{"self":[{"href":"https:\/\/userpage.fu-berlin.de\/melab\/wordpress\/index.php?rest_route=\/wp\/v2\/posts\/11519"}],"collection":[{"href":"https:\/\/userpage.fu-berlin.de\/melab\/wordpress\/index.php?rest_route=\/wp\/v2\/posts"}],"about":[{"href":"https:\/\/userpage.fu-berlin.de\/melab\/wordpress\/index.php?rest_route=\/wp\/v2\/types\/post"}],"author":[{"embeddable":true,"href":"https:\/\/userpage.fu-berlin.de\/melab\/wordpress\/index.php?rest_route=\/wp\/v2\/users\/1"}],"replies":[{"embeddable":true,"href":"https:\/\/userpage.fu-berlin.de\/melab\/wordpress\/index.php?rest_route=%2Fwp%2Fv2%2Fcomments&post=11519"}],"version-history":[{"count":1,"href":"https:\/\/userpage.fu-berlin.de\/melab\/wordpress\/index.php?rest_route=\/wp\/v2\/posts\/11519\/revisions"}],"predecessor-version":[{"id":11522,"href":"https:\/\/userpage.fu-berlin.de\/melab\/wordpress\/index.php?rest_route=\/wp\/v2\/posts\/11519\/revisions\/11522"}],"wp:featuredmedia":[{"embeddable":true,"href":"https:\/\/userpage.fu-berlin.de\/melab\/wordpress\/index.php?rest_route=\/wp\/v2\/media\/11521"}],"wp:attachment":[{"href":"https:\/\/userpage.fu-berlin.de\/melab\/wordpress\/index.php?rest_route=%2Fwp%2Fv2%2Fmedia&parent=11519"}],"wp:term":[{"taxonomy":"category","embeddable":true,"href":"https:\/\/userpage.fu-berlin.de\/melab\/wordpress\/index.php?rest_route=%2Fwp%2Fv2%2Fcategories&post=11519"},{"taxonomy":"post_tag","embeddable":true,"href":"https:\/\/userpage.fu-berlin.de\/melab\/wordpress\/index.php?rest_route=%2Fwp%2Fv2%2Ftags&post=11519"}],"curies":[{"name":"wp","href":"https:\/\/api.w.org\/{rel}","templated":true}]}}