{"id":11486,"date":"2021-12-17T11:15:19","date_gmt":"2021-12-17T09:15:19","guid":{"rendered":"http:\/\/userpage.fu-berlin.de\/melab\/wordpress\/?p=11486"},"modified":"2021-12-17T11:15:19","modified_gmt":"2021-12-17T09:15:19","slug":"klischees-und-stereotypen-was-wir-alle-mit-uns-tragen-video","status":"publish","type":"post","link":"https:\/\/userpage.fu-berlin.de\/melab\/wordpress\/?p=11486","title":{"rendered":"Klischees und Stereotypen: Was wir alle mit uns tragen (Video)"},"content":{"rendered":"<p><strong>Niemand ist frei von Vorurteilen \u2013 und was sagen die Vorverurteilten? Franz\u00f6sische, russische und t\u00fcrkische Identit\u00e4t \u2013 und was wir uns darunter vorstellen.<\/strong><\/p>\n<p><!--more--><\/p>\n<p><em>von Maximilian Berg, Evgenia Chenskikh, Michael Schindler und Marie-Sophie Zinsli<\/em><\/p>\n<div style=\"width: 1100px;\" class=\"wp-video\"><!--[if lt IE 9]><script>document.createElement('video');<\/script><![endif]-->\n<video class=\"wp-video-shortcode\" id=\"video-11486-1\" width=\"1100\" height=\"619\" preload=\"metadata\" controls=\"controls\"><source type=\"video\/mp4\" src=\"http:\/\/userpage.fu-berlin.de\/melab\/wordpress\/wp-content\/uploads\/2021\/12\/Stereotypen%20verschiedener%20La?nder_OPOF_mp4&#038;_=1\" \/><a href=\"http:\/\/userpage.fu-berlin.de\/melab\/wordpress\/wp-content\/uploads\/2021\/12\/Stereotypen%20verschiedener%20La?nder_OPOF.mp4\">http:\/\/userpage.fu-berlin.de\/melab\/wordpress\/wp-content\/uploads\/2021\/12\/Stereotypen%20verschiedener%20La?nder_OPOF.mp4<\/a><\/video><\/div>\n","protected":false},"excerpt":{"rendered":"<p>Niemand ist frei von Vorurteilen \u2013 und was sagen die Vorverurteilten? Franz\u00f6sische, russische und t\u00fcrkische Identit\u00e4t \u2013 und was wir uns darunter vorstellen.<\/p>\n","protected":false},"author":1,"featured_media":11490,"comment_status":"closed","ping_status":"closed","sticky":false,"template":"","format":"standard","meta":{"ngg_post_thumbnail":0,"_links_to":"","_links_to_target":""},"categories":[498,96,495],"tags":[946,549,32,134,242,139,284],"jetpack_featured_media_url":"https:\/\/i0.wp.com\/userpage.fu-berlin.de\/melab\/wordpress\/wp-content\/uploads\/2021\/11\/teaserbild-stereotypen-1-e1637590624577.png?fit=1032%2C688&ssl=1","_links":{"self":[{"href":"https:\/\/userpage.fu-berlin.de\/melab\/wordpress\/index.php?rest_route=\/wp\/v2\/posts\/11486"}],"collection":[{"href":"https:\/\/userpage.fu-berlin.de\/melab\/wordpress\/index.php?rest_route=\/wp\/v2\/posts"}],"about":[{"href":"https:\/\/userpage.fu-berlin.de\/melab\/wordpress\/index.php?rest_route=\/wp\/v2\/types\/post"}],"author":[{"embeddable":true,"href":"https:\/\/userpage.fu-berlin.de\/melab\/wordpress\/index.php?rest_route=\/wp\/v2\/users\/1"}],"replies":[{"embeddable":true,"href":"https:\/\/userpage.fu-berlin.de\/melab\/wordpress\/index.php?rest_route=%2Fwp%2Fv2%2Fcomments&post=11486"}],"version-history":[{"count":2,"href":"https:\/\/userpage.fu-berlin.de\/melab\/wordpress\/index.php?rest_route=\/wp\/v2\/posts\/11486\/revisions"}],"predecessor-version":[{"id":11500,"href":"https:\/\/userpage.fu-berlin.de\/melab\/wordpress\/index.php?rest_route=\/wp\/v2\/posts\/11486\/revisions\/11500"}],"wp:featuredmedia":[{"embeddable":true,"href":"https:\/\/userpage.fu-berlin.de\/melab\/wordpress\/index.php?rest_route=\/wp\/v2\/media\/11490"}],"wp:attachment":[{"href":"https:\/\/userpage.fu-berlin.de\/melab\/wordpress\/index.php?rest_route=%2Fwp%2Fv2%2Fmedia&parent=11486"}],"wp:term":[{"taxonomy":"category","embeddable":true,"href":"https:\/\/userpage.fu-berlin.de\/melab\/wordpress\/index.php?rest_route=%2Fwp%2Fv2%2Fcategories&post=11486"},{"taxonomy":"post_tag","embeddable":true,"href":"https:\/\/userpage.fu-berlin.de\/melab\/wordpress\/index.php?rest_route=%2Fwp%2Fv2%2Ftags&post=11486"}],"curies":[{"name":"wp","href":"https:\/\/api.w.org\/{rel}","templated":true}]}}