{"id":11408,"date":"2021-11-02T09:43:02","date_gmt":"2021-11-02T07:43:02","guid":{"rendered":"http:\/\/userpage.fu-berlin.de\/melab\/wordpress\/?p=11408"},"modified":"2022-02-21T13:01:17","modified_gmt":"2022-02-21T11:01:17","slug":"queere-migrantinnen-doppelt-stigmatisiert-oder-frei-im-neuen-land","status":"publish","type":"post","link":"https:\/\/userpage.fu-berlin.de\/melab\/wordpress\/?p=11408","title":{"rendered":"Queere Migrant*innen \u2013 doppelt stigmatisiert oder frei im neuen Land? (Audio)"},"content":{"rendered":"<p><strong>Diskriminiert im eigenen Land? Queer sein als Migrationsgrund? Wie ist das, wenn man in der Heimat nicht akzeptiert wird, weil man queer ist? Kaum jemand aus der Community spricht dar\u00fcber in der \u00d6ffentlichkeit \u2013 so gro\u00df ist das Tabu bis heute, mitten in Berlin. Dieser Beitrag beleuchtet zwei individuelle Coming-out-Reisen, die kulturelle Differenzen \u00fcberbr\u00fccken. Zwei Personen kommen zu Wort, die nun als queere Migrant*innen endlich ihre Identit\u00e4t ausleben d\u00fcrfen.<br \/>\n<\/strong><!--more--><\/p>\n<!--[if lt IE 9]><script>document.createElement('audio');<\/script><![endif]-->\n<audio class=\"wp-audio-shortcode\" id=\"audio-11408-1\" preload=\"none\" style=\"width: 100%;\" controls=\"controls\"><source type=\"audio\/wav\" src=\"http:\/\/userpage.fu-berlin.de\/melab\/wordpress\/wp-content\/uploads\/2021\/10\/Queere-Migrant_innen.wav?_=1\" \/><a href=\"http:\/\/userpage.fu-berlin.de\/melab\/wordpress\/wp-content\/uploads\/2021\/10\/Queere-Migrant_innen.wav\">http:\/\/userpage.fu-berlin.de\/melab\/wordpress\/wp-content\/uploads\/2021\/10\/Queere-Migrant_innen.wav<\/a><\/audio>\n<p><em>Von C\u00e9line Weimar-Dittmar, Insa Medack und Lucia Schnell<\/em><\/p>\n","protected":false},"excerpt":{"rendered":"<p>Diskriminiert im eigenen Land? Queer sein als Migrationsgrund? Wie ist das, wenn man in der Heimat nicht akzeptiert wird, weil man queer ist? Kaum jemand aus der Community spricht dar\u00fcber in der \u00d6ffentlichkeit \u2013 so gro\u00df ist das Tabu bis heute, mitten in Berlin. Dieser Beitrag beleuchtet zwei individuelle Coming-out-Reisen, die kulturelle Differenzen \u00fcberbr\u00fccken. Zwei [&hellip;]<\/p>\n","protected":false},"author":1,"featured_media":11416,"comment_status":"closed","ping_status":"closed","sticky":false,"template":"","format":"standard","meta":{"ngg_post_thumbnail":0,"_links_to":"","_links_to_target":""},"categories":[498,496],"tags":[989,146,166,988,951],"jetpack_featured_media_url":"https:\/\/i0.wp.com\/userpage.fu-berlin.de\/melab\/wordpress\/wp-content\/uploads\/2021\/10\/teaserbild-queer-02-e1634303680385.jpg?fit=3924%2C2613&ssl=1","_links":{"self":[{"href":"https:\/\/userpage.fu-berlin.de\/melab\/wordpress\/index.php?rest_route=\/wp\/v2\/posts\/11408"}],"collection":[{"href":"https:\/\/userpage.fu-berlin.de\/melab\/wordpress\/index.php?rest_route=\/wp\/v2\/posts"}],"about":[{"href":"https:\/\/userpage.fu-berlin.de\/melab\/wordpress\/index.php?rest_route=\/wp\/v2\/types\/post"}],"author":[{"embeddable":true,"href":"https:\/\/userpage.fu-berlin.de\/melab\/wordpress\/index.php?rest_route=\/wp\/v2\/users\/1"}],"replies":[{"embeddable":true,"href":"https:\/\/userpage.fu-berlin.de\/melab\/wordpress\/index.php?rest_route=%2Fwp%2Fv2%2Fcomments&post=11408"}],"version-history":[{"count":7,"href":"https:\/\/userpage.fu-berlin.de\/melab\/wordpress\/index.php?rest_route=\/wp\/v2\/posts\/11408\/revisions"}],"predecessor-version":[{"id":11476,"href":"https:\/\/userpage.fu-berlin.de\/melab\/wordpress\/index.php?rest_route=\/wp\/v2\/posts\/11408\/revisions\/11476"}],"wp:featuredmedia":[{"embeddable":true,"href":"https:\/\/userpage.fu-berlin.de\/melab\/wordpress\/index.php?rest_route=\/wp\/v2\/media\/11416"}],"wp:attachment":[{"href":"https:\/\/userpage.fu-berlin.de\/melab\/wordpress\/index.php?rest_route=%2Fwp%2Fv2%2Fmedia&parent=11408"}],"wp:term":[{"taxonomy":"category","embeddable":true,"href":"https:\/\/userpage.fu-berlin.de\/melab\/wordpress\/index.php?rest_route=%2Fwp%2Fv2%2Fcategories&post=11408"},{"taxonomy":"post_tag","embeddable":true,"href":"https:\/\/userpage.fu-berlin.de\/melab\/wordpress\/index.php?rest_route=%2Fwp%2Fv2%2Ftags&post=11408"}],"curies":[{"name":"wp","href":"https:\/\/api.w.org\/{rel}","templated":true}]}}