{"id":11208,"date":"2021-04-14T17:31:52","date_gmt":"2021-04-14T15:31:52","guid":{"rendered":"http:\/\/userpage.fu-berlin.de\/melab\/wordpress\/?p=11208"},"modified":"2021-04-14T17:31:52","modified_gmt":"2021-04-14T15:31:52","slug":"der-kudamm-im-coronaschlaf","status":"publish","type":"post","link":"https:\/\/userpage.fu-berlin.de\/melab\/wordpress\/?p=11208","title":{"rendered":"Der Ku\u2019damm im Coronaschlaf"},"content":{"rendered":"<p><strong>Der Ku\u2019damm befindet sich aktuell wieder im Lockdown. Was es von den Bezirksfraktionen aktuell f\u00fcr m\u00f6gliche Pl\u00e4ne f\u00fcr die Zukunft des Boulevards gibt und wie ein Gastronom die Krise mit seinem Restaurant vor Ort erlebt.<\/strong><\/p>\n<p><!--more--><\/p>\n<p><em>von Jonas-Joshua Leibig<\/em><\/p>\n<p>Corona \u00fcberall \u2013&nbsp;auch wenn die aktuelle Berichterstattung zur Pandemie und ihren Folgen erm\u00fcdend sein kann, so kann man andererseits gar nicht genug berichten \u00fcber die historische Episode, die derzeit auf der ganzen Welt Menschen vor gro\u00dfe Herausforderungen stellt.<\/p>\n<p>Zur (Wahl-)Heimat Berlin geh\u00f6rt eine Stra\u00dfe, die kaum einer anderen auf der Welt gleicht: der Kurf\u00fcrstendamm \u2013 oder auch kurz Ku\u2019damm genannt. Hier trifft Dekadenz des letzten Jahrtausends im Antlitz des KaDeWes und den vielen edlen Boutiquen auf frischen Wind in Form von Fast Food, Bubble Tea und Primark. Doch der Wind weht sp\u00e4testens seit dem 2. Lockdown sehr ruhig an der Lebensader \u201eUpper West\u201c. Nicht nur f\u00fcr Gastronomen gelten die aktuellen Beschr\u00e4nkungen, sondern bekannterma\u00dfen auch f\u00fcr alle anderen Konsumst\u00e4tten, man k\u00f6nnte fast sagen: alles, was der Ku\u2019damm zu bieten hat(te) befindet sich gerade im \u201eCoronaschlaf\u201c.<\/p>\n<p>Ohne Angebot und mit einer Maskenpflicht auf dem Ku\u2018damm, der sich vom Breitscheidplatz mit der Ged\u00e4chtniskirche, bis hin zum Rathenauplatz am Halensee zieht, fallen auch viele Gr\u00fcnde f\u00fcr einen Besuch weg. Die vielen Besucher:innen Berlins, an dessen Ausbleiben wir uns schon diesen Sommer gew\u00f6hnt haben, tun ihren Rest.<\/p>\n<p>Zum Winter 2020 hin setzte sich die Gemeinschaft aus am Ku\u2019damm angesiedelten Gesch\u00e4ften erneut f\u00fcr die Finanzierung der am Ku\u2019damm traditionell in den Baumkronen angebrachten Weihnachtsbeleuchtung ein, im Februar 2021 tauchte der Schnee den schlafenden Boulevard komplett in Wei\u00df, mit Stand 12.02. wird der Lockdown bis in den M\u00e4rz hinein verl\u00e4ngert. Das sind heruntergebrochen die wichtigsten Ereignisse, die sich in den vergangenen 6 Monaten auf der Shoppingmeile abgespielt haben.<\/p>\n<div id=\"attachment_11210\" style=\"width: 310px\" class=\"wp-caption alignleft\"><img aria-describedby=\"caption-attachment-11210\" decoding=\"async\" loading=\"lazy\" class=\"size-medium wp-image-11210\" src=\"https:\/\/i0.wp.com\/userpage.fu-berlin.de\/melab\/wordpress\/wp-content\/uploads\/2021\/04\/Kudamm-Leer.jpg?resize=300%2C169\" alt=\"\" width=\"300\" height=\"169\" srcset=\"https:\/\/i0.wp.com\/userpage.fu-berlin.de\/melab\/wordpress\/wp-content\/uploads\/2021\/04\/Kudamm-Leer.jpg?resize=200%2C113&amp;ssl=1 200w, https:\/\/i0.wp.com\/userpage.fu-berlin.de\/melab\/wordpress\/wp-content\/uploads\/2021\/04\/Kudamm-Leer.jpg?resize=300%2C169&amp;ssl=1 300w, https:\/\/i0.wp.com\/userpage.fu-berlin.de\/melab\/wordpress\/wp-content\/uploads\/2021\/04\/Kudamm-Leer.jpg?resize=400%2C225&amp;ssl=1 400w, https:\/\/i0.wp.com\/userpage.fu-berlin.de\/melab\/wordpress\/wp-content\/uploads\/2021\/04\/Kudamm-Leer.jpg?resize=600%2C338&amp;ssl=1 600w, https:\/\/i0.wp.com\/userpage.fu-berlin.de\/melab\/wordpress\/wp-content\/uploads\/2021\/04\/Kudamm-Leer.jpg?resize=800%2C450&amp;ssl=1 800w, https:\/\/i0.wp.com\/userpage.fu-berlin.de\/melab\/wordpress\/wp-content\/uploads\/2021\/04\/Kudamm-Leer.jpg?resize=1024%2C576&amp;ssl=1 1024w, https:\/\/i0.wp.com\/userpage.fu-berlin.de\/melab\/wordpress\/wp-content\/uploads\/2021\/04\/Kudamm-Leer.jpg?resize=1200%2C675&amp;ssl=1 1200w, https:\/\/i0.wp.com\/userpage.fu-berlin.de\/melab\/wordpress\/wp-content\/uploads\/2021\/04\/Kudamm-Leer.jpg?w=2200 2200w, https:\/\/i0.wp.com\/userpage.fu-berlin.de\/melab\/wordpress\/wp-content\/uploads\/2021\/04\/Kudamm-Leer.jpg?w=3300 3300w, https:\/\/i0.wp.com\/userpage.fu-berlin.de\/melab\/wordpress\/wp-content\/uploads\/2021\/04\/Kudamm-Leer.jpg?fit=3392%2C1908&amp;ssl=1 3392w\" sizes=\"(max-width: 300px) 100vw, 300px\" data-recalc-dims=\"1\" \/><p id=\"caption-attachment-11210\" class=\"wp-caption-text\">Ein menschenleerer Ku\u2019damm \u2013 normales Bild derzeit. Foto: Jonas-Joshua Leibig<\/p><\/div>\n<p>Der Handelsverband informierte schon nach dem ersten Lockdown im Tagesspiegel \u00fcber die finanziellen Einbu\u00dfen des Berliner Gewerbes, insbesondere am Ku\u2019damm. Dieser h\u00e4lt sich n\u00e4mlich bereits schon seit Jahren mit seinen mehr als 200.000 Quadratmetern Verkaufsfl\u00e4che als gr\u00f6\u00dfter und umsatzst\u00e4rkster Einzelhandelsstandort Berlins. Die Lage f\u00fcr die vielen Gesch\u00e4fte, darunter wie eingangs bereits erw\u00e4hnt viele Betriebe der Gastwirtschaft, also vor allem Hotels, Restaurants, Kneipen, Bars und Kaffees, Kosmetikstudios, Friseure, Warenh\u00e4user wie das vor einigen Jahren er\u00f6ffnete Bikini-Berlin oder das des angeschlagenen Karstadt-Konzerns und nat\u00fcrlich die vielen Model\u00e4den finden sich aktuell h\u00e4ufig in einer katastrophalen Lage wieder, wie zuletzt Jan Kopatz von der Friseur-Innung Berlin in einem Gespr\u00e4ch mit der Berliner Zeitung \u00fcber die Friseure der Stadt verriet. Fast jede Branche ist betroffen. Bis auf die Friseure bleiben die Gesch\u00e4fte weiterhin geschlossen. Da treibt sich einem schnell die Frage auf: Wie geht es Gesch\u00e4ftstreibenden und deren Angestellten aktuell in dieser Situation?<\/p>\n<p>Dazu konnte ich mit dem Gastronomen Dave Sung sprechen. Herr Sung betreibt seit 2018 unweit des Lehniner Platzes sein asiatisches Restaurant mit einem besonderen Anspruch an frische und Authentizit\u00e4t. Auch deshalb k\u00f6nne er gerade, so Sung, sein Angebot nicht per Lieferdienst fortf\u00fchren. Herr Sung erkl\u00e4rt ruhig, dass er Ma\u00dfnahmen, die zur Eind\u00e4mmung der Pandemie dienen, nicht schlecht hei\u00dfen m\u00f6chte, allerdings ist es f\u00fcr ihn tragisch, dass es besonders das Gewerbe von seinen Kolleg:innen und ihm so hart trifft, denn Herr Sung hat, so wie viele Betriebe w\u00e4hrend der Pandemie, alle geforderten Hygienema\u00dfnahmen in seinem Gesch\u00e4ft ausgearbeitet und konsequent durchgezogen. Die Gastronomie wurde nach seinem Empfinden immer besonders intensiv auf die Einhaltung der Bestimmungen kontrolliert, beispielsweise im Gegensatz zu B\u00fcros, die in der Stadt immer noch \u201ein Betrieb\u201c sind. F\u00fcr Herrn Sung war es ein langj\u00e4hriger Traum, den er sich, als sich ihm die Gelegenheit bot, nach 17 Jahren Leben und Studium in Berlin erf\u00fcllte. Die Stammkundschaft baute sich langsam auf, das Gesch\u00e4ft lief 2019 erstmals gut an und sein Konzept eines modernen und \u201ekiezigen\u201c Restaurants mit einer Mischung aus loungiger Atmosph\u00e4re und gehobenem asiatischen Essen machte es ihm als Alleinstellungsmerkmal in der Gegend dann m\u00f6glich, Fu\u00df zu fassen. Vom Timing her konnte Corona da nicht ung\u00fcnstiger einsetzen als im Fr\u00fchjahr 2020. Herr Sung zeigt sich trotzdem optimistisch: ihm und vielen Kolleg:innen geht es finanziell gerade schlecht, aber er sieht auch die Bem\u00fchungen der Politik, die finanzielle Notlage der Gastronomen zumindest teilweise aufzufangen. Auch wenn Herrn Sung die B\u00fcrokratie manchmal noch ein wenig zu langsam dauere: \u201eAuf die Unterst\u00fctzung vom November 2020 warte ich leider immer noch\u201c, verr\u00e4t der Gastronom (*Nachtrag: Die Hilfen sind inzwischen vollst\u00e4ndig angekommen). Er beh\u00e4lt dabei aber eine ruhige Stimme und einen k\u00fchlen Kopf. Dass die Situation auch f\u00fcr die Politik neu sei, verstehe er und umstrittene Ma\u00dfnahmen wie die Einf\u00fchrung der Maskenpflicht am Ku\u2019damm sieht er als Signalwirkung an anderen St\u00e4dten als verschmerzbar.<\/p>\n<div id=\"attachment_11211\" style=\"width: 310px\" class=\"wp-caption alignright\"><img aria-describedby=\"caption-attachment-11211\" decoding=\"async\" loading=\"lazy\" class=\"size-medium wp-image-11211\" src=\"https:\/\/i0.wp.com\/userpage.fu-berlin.de\/melab\/wordpress\/wp-content\/uploads\/2021\/04\/1000Grad.jpg?resize=300%2C169\" alt=\"\" width=\"300\" height=\"169\" srcset=\"https:\/\/i0.wp.com\/userpage.fu-berlin.de\/melab\/wordpress\/wp-content\/uploads\/2021\/04\/1000Grad.jpg?resize=200%2C113&amp;ssl=1 200w, https:\/\/i0.wp.com\/userpage.fu-berlin.de\/melab\/wordpress\/wp-content\/uploads\/2021\/04\/1000Grad.jpg?resize=300%2C169&amp;ssl=1 300w, https:\/\/i0.wp.com\/userpage.fu-berlin.de\/melab\/wordpress\/wp-content\/uploads\/2021\/04\/1000Grad.jpg?resize=400%2C225&amp;ssl=1 400w, https:\/\/i0.wp.com\/userpage.fu-berlin.de\/melab\/wordpress\/wp-content\/uploads\/2021\/04\/1000Grad.jpg?resize=600%2C338&amp;ssl=1 600w, https:\/\/i0.wp.com\/userpage.fu-berlin.de\/melab\/wordpress\/wp-content\/uploads\/2021\/04\/1000Grad.jpg?resize=800%2C450&amp;ssl=1 800w, https:\/\/i0.wp.com\/userpage.fu-berlin.de\/melab\/wordpress\/wp-content\/uploads\/2021\/04\/1000Grad.jpg?resize=1024%2C576&amp;ssl=1 1024w, https:\/\/i0.wp.com\/userpage.fu-berlin.de\/melab\/wordpress\/wp-content\/uploads\/2021\/04\/1000Grad.jpg?resize=1200%2C675&amp;ssl=1 1200w, https:\/\/i0.wp.com\/userpage.fu-berlin.de\/melab\/wordpress\/wp-content\/uploads\/2021\/04\/1000Grad.jpg?w=2200 2200w, https:\/\/i0.wp.com\/userpage.fu-berlin.de\/melab\/wordpress\/wp-content\/uploads\/2021\/04\/1000Grad.jpg?w=3300 3300w, https:\/\/i0.wp.com\/userpage.fu-berlin.de\/melab\/wordpress\/wp-content\/uploads\/2021\/04\/1000Grad.jpg?fit=3882%2C2184&amp;ssl=1 3882w\" sizes=\"(max-width: 300px) 100vw, 300px\" data-recalc-dims=\"1\" \/><p id=\"caption-attachment-11211\" class=\"wp-caption-text\">Auch das Restaurant von Herrn Sung am Ku\u2019damm muss vorerst geschlossen bleiben. Foto: Jonas-Joshua Leibig<\/p><\/div>\n<p>Auch wenn Herrn Sung die B\u00fcrokratie manchmal noch ein wenig zu langsam dauere: \u201eAuf die Unterst\u00fctzung vom November 2020 warte ich leider immer noch\u201c, verr\u00e4t der Gastronom (*Nachtrag: Die Hilfen sind inzwischen vollst\u00e4ndig angekommen). Er beh\u00e4lt dabei aber eine ruhige Stimme und einen k\u00fchlen Kopf. Dass die Situation auch f\u00fcr die Politik neu sei, verstehe er und umstrittene Ma\u00dfnahmen wie die Einf\u00fchrung der Maskenpflicht am Ku\u2019damm sieht er als Signalwirkung an anderen St\u00e4dten als verschmerzbar. Herr Sung betont allerdings, dass ein System wie er es hier in Deutschland erlebt, welches Menschen wie ihn und seine 12 Angestellten seiner Gastst\u00e4tte in dieser Krise versucht aufzufangen und nicht \u201esich selbst \u00fcberl\u00e4sst\u201c, ihn als vielgereisten Mann nach wie vor dankbar macht und ihn entlastet.<\/p>\n<p>Auch aus der Lokalpolitik gibt es derzeit eine Aufmerksamkeit rund um den Ku\u2019damm. Gr\u00fcn und teilweise autofrei, aber auf jeden Fall mit weniger Autos und mehr Platz f\u00fcr Fu\u00df- und Fahrradfahrer, so stellen sich beispielsweise die Gr\u00fcnen und die SPD eine Modernisierung des Ku\u2019damms vor. Insgesamt soll so und durch eine Ausschreibung f\u00fcr einen Wettbewerb f\u00fcr die Neuaufteilung des \u00f6ffentlichen Raumes des Boulevards mehr Aufenthaltsqualit\u00e4t f\u00fcr die Besucher:innen der Post-Pandemie Ku\u2019damms entstehen. Die FDP bezeichnet eine gesteigerte Aufenthaltsqualit\u00e4t ebenfalls f\u00fcr sinnbringend, auch wenn sie angesichts ihrer Auto-bef\u00fcrwortenden Sicht auf den Ku\u2019damm nicht ausf\u00fchrt, inwiefern diese geschaffen werden soll, die Fraktion w\u00fcrde jedoch mit der Verl\u00e4ngerung der U-Bahn Linie eventuell einige Anreize f\u00fcr die Anreise schaffen, die sie bef\u00fcrwortet.<\/p>\n<p>W\u00e4hrend B\u201990 sich auch mehr Unterst\u00fctzung der ans\u00e4ssigen Unternehmen am Ku\u2019damm und den anrainenden Kiezen z. B. bei der Digitalisierung und Mietenbremse vorstellt hat, stellt sich der CDU nicht die Frage, wie der Ku\u2019damm \u201eaufgeh\u00fcbscht\u201c werden kann oder sollte, sondern wo man noch Potentiale wecken kann. Eine konkrete Idee w\u00e4re hierbei f\u00fcr die Christdemokraten ein neues Konzept f\u00fcr den Hardenbergplatz. Das Konzept des autofreien Boulevards w\u00e4re f\u00fcr die Partei dabei kein Potential, was bei dem Ku\u2019damm \u201egeweckt\u201c werden sollte, in Hinblick auf die aktuell autofreie Friedrichstra\u00dfe verweist die Partei auf eine Gefahr f\u00fcr die ans\u00e4ssigen Unternehmen durch die wegfallende direkte Anreise per privatem Kraftfahrzeug. Es fehlen hier jedoch partei\u00fcbergreifend noch konkrete Modelle oder Pl\u00e4ne, um sich die geplante Besch\u00e4ftigung der Parteien \u2013 oder auch nicht-Besch\u00e4ftigung &#8211; mit dem Boulevard vorstellen zu k\u00f6nnen. Es bleibt abzuwarten, was gestalterisch und auch in Bezug auf Gr\u00fcnen-Pl\u00e4ne wie die autofreie Innenstadt nach Madrider Vorbild mit dem Kurf\u00fcrstendamm passieren wird oder auch nicht.<\/p>\n<p>Wenn die Pandemie vor\u00fcber ist k\u00f6nnen wir uns erst einmal nichts Sch\u00f6neres vorstellen, als ein von Menschen-durchfluteter Kurf\u00fcrstendamm, der wieder mit all seinem Angebot und Leben das Herz Charlottenburgs zum Leuchten bringt.<\/p>\n<hr>\n<p><span style=\"color: #003366;\"><img decoding=\"async\" loading=\"lazy\" class=\"wp-image-11213 size-thumbnail alignleft\" src=\"https:\/\/i0.wp.com\/userpage.fu-berlin.de\/melab\/wordpress\/wp-content\/uploads\/2021\/04\/Autorenportrait_JL.png?resize=150%2C150\" alt=\"\" width=\"150\" height=\"150\" srcset=\"https:\/\/i0.wp.com\/userpage.fu-berlin.de\/melab\/wordpress\/wp-content\/uploads\/2021\/04\/Autorenportrait_JL.png?resize=66%2C66&amp;ssl=1 66w, https:\/\/i0.wp.com\/userpage.fu-berlin.de\/melab\/wordpress\/wp-content\/uploads\/2021\/04\/Autorenportrait_JL.png?resize=150%2C150&amp;ssl=1 150w, https:\/\/i0.wp.com\/userpage.fu-berlin.de\/melab\/wordpress\/wp-content\/uploads\/2021\/04\/Autorenportrait_JL.png?resize=200%2C200&amp;ssl=1 200w, https:\/\/i0.wp.com\/userpage.fu-berlin.de\/melab\/wordpress\/wp-content\/uploads\/2021\/04\/Autorenportrait_JL.png?resize=300%2C300&amp;ssl=1 300w, https:\/\/i0.wp.com\/userpage.fu-berlin.de\/melab\/wordpress\/wp-content\/uploads\/2021\/04\/Autorenportrait_JL.png?resize=400%2C400&amp;ssl=1 400w, https:\/\/i0.wp.com\/userpage.fu-berlin.de\/melab\/wordpress\/wp-content\/uploads\/2021\/04\/Autorenportrait_JL.png?resize=600%2C600&amp;ssl=1 600w, https:\/\/i0.wp.com\/userpage.fu-berlin.de\/melab\/wordpress\/wp-content\/uploads\/2021\/04\/Autorenportrait_JL.png?resize=800%2C800&amp;ssl=1 800w, https:\/\/i0.wp.com\/userpage.fu-berlin.de\/melab\/wordpress\/wp-content\/uploads\/2021\/04\/Autorenportrait_JL.png?fit=903%2C903&amp;ssl=1 903w\" sizes=\"(max-width: 150px) 100vw, 150px\" data-recalc-dims=\"1\" \/><strong>Jonas-Joshua Leibig<\/strong> studiert Publizistik- und Kommunikationswissenschaft und freut sich sehr auf die Zeit, in der der Ku&#8217;damm wieder belebter ist.<\/span><\/p>\n<hr>\n","protected":false},"excerpt":{"rendered":"<p>Der Ku\u2019damm befindet sich aktuell wieder im Lockdown. Was es von den Bezirksfraktionen aktuell f\u00fcr m\u00f6gliche Pl\u00e4ne f\u00fcr die Zukunft des Boulevards gibt und wie ein Gastronom die Krise mit seinem Restaurant vor Ort erlebt.<\/p>\n","protected":false},"author":47,"featured_media":11209,"comment_status":"closed","ping_status":"closed","sticky":false,"template":"","format":"standard","meta":{"ngg_post_thumbnail":0,"_links_to":"","_links_to_target":""},"categories":[501,497],"tags":[935,51,475,897,936,241],"jetpack_featured_media_url":"https:\/\/userpage.fu-berlin.de\/melab\/wordpress\/wp-content\/uploads\/2021\/04\/Kurfu?rstendamm-Corona-Gru?n.jpg","_links":{"self":[{"href":"https:\/\/userpage.fu-berlin.de\/melab\/wordpress\/index.php?rest_route=\/wp\/v2\/posts\/11208"}],"collection":[{"href":"https:\/\/userpage.fu-berlin.de\/melab\/wordpress\/index.php?rest_route=\/wp\/v2\/posts"}],"about":[{"href":"https:\/\/userpage.fu-berlin.de\/melab\/wordpress\/index.php?rest_route=\/wp\/v2\/types\/post"}],"author":[{"embeddable":true,"href":"https:\/\/userpage.fu-berlin.de\/melab\/wordpress\/index.php?rest_route=\/wp\/v2\/users\/47"}],"replies":[{"embeddable":true,"href":"https:\/\/userpage.fu-berlin.de\/melab\/wordpress\/index.php?rest_route=%2Fwp%2Fv2%2Fcomments&post=11208"}],"version-history":[{"count":2,"href":"https:\/\/userpage.fu-berlin.de\/melab\/wordpress\/index.php?rest_route=\/wp\/v2\/posts\/11208\/revisions"}],"predecessor-version":[{"id":11214,"href":"https:\/\/userpage.fu-berlin.de\/melab\/wordpress\/index.php?rest_route=\/wp\/v2\/posts\/11208\/revisions\/11214"}],"wp:featuredmedia":[{"embeddable":true,"href":"https:\/\/userpage.fu-berlin.de\/melab\/wordpress\/index.php?rest_route=\/wp\/v2\/media\/11209"}],"wp:attachment":[{"href":"https:\/\/userpage.fu-berlin.de\/melab\/wordpress\/index.php?rest_route=%2Fwp%2Fv2%2Fmedia&parent=11208"}],"wp:term":[{"taxonomy":"category","embeddable":true,"href":"https:\/\/userpage.fu-berlin.de\/melab\/wordpress\/index.php?rest_route=%2Fwp%2Fv2%2Fcategories&post=11208"},{"taxonomy":"post_tag","embeddable":true,"href":"https:\/\/userpage.fu-berlin.de\/melab\/wordpress\/index.php?rest_route=%2Fwp%2Fv2%2Ftags&post=11208"}],"curies":[{"name":"wp","href":"https:\/\/api.w.org\/{rel}","templated":true}]}}