{"id":11180,"date":"2021-04-09T13:09:17","date_gmt":"2021-04-09T11:09:17","guid":{"rendered":"http:\/\/userpage.fu-berlin.de\/melab\/wordpress\/?p=11180"},"modified":"2021-04-09T13:25:35","modified_gmt":"2021-04-09T11:25:35","slug":"arbeit-einer-professionellen-taenzerin-in-berlin-video","status":"publish","type":"post","link":"https:\/\/userpage.fu-berlin.de\/melab\/wordpress\/?p=11180","title":{"rendered":"Arbeit einer professionellen T\u00e4nzerin in Berlin (Video)"},"content":{"rendered":"<p><strong>Wie sieht das Arbeitsleben einer professionellen T\u00e4nzerin in Berlin aus? Wir nehmen euch mit in die Welt der T\u00e4nzerin, Choreografin und Tanzp\u00e4dagogin Katharina Scheidtmann.<\/strong><!--more--><\/p>\n<div style=\"width: 1100px;\" class=\"wp-video\"><!--[if lt IE 9]><script>document.createElement('video');<\/script><![endif]-->\n<video class=\"wp-video-shortcode\" id=\"video-11180-1\" width=\"1100\" height=\"619\" preload=\"metadata\" controls=\"controls\"><source type=\"video\/mp4\" src=\"http:\/\/userpage.fu-berlin.de\/melab\/wordpress\/wp-content\/uploads\/2021\/02\/Arbeit%20einer%20professionellen%20T\u00e4nzerin%20in%20Berlin_final.mp4?_=1\" \/><a href=\"http:\/\/userpage.fu-berlin.de\/melab\/wordpress\/wp-content\/uploads\/2021\/02\/Arbeit%20einer%20professionellen%20T\u00e4nzerin%20in%20Berlin_final.mp4\">http:\/\/userpage.fu-berlin.de\/melab\/wordpress\/wp-content\/uploads\/2021\/02\/Arbeit%20einer%20professionellen%20T\u00e4nzerin%20in%20Berlin_final.mp4<\/a><\/video><\/div>\n<p><em>Von Emmet Cabreras und Paulina Thimm<\/em><\/p>\n<p>Ein Beitrag aus \u201eOne Place \u2013 One Face\u201c, der TV-Sendung des Praxisseminars Fernsehen im Wintersemester 2020\/2021 unter der Leitung von Anja Kretschmer. Die ganze Sendung lief auf <a href=\"http:\/\/www.alex-berlin.de\/\">Radio Alex<\/a>.<\/p>\n<h5>\u201eOne Place \u2013 One Face\u201c ist ein Projekt des <a href=\"http:\/\/www.polsoz.fu-berlin.de\/kommwiss\/\">Instituts f\u00fcr Publizistik und Kommunikationswissenschaft<\/a> der Freien Universit\u00e4t Berlin in Zusammenarbeit mit dem <a href=\"http:\/\/www.miz-babelsberg.de\/\">Medieninnovationszentrum Babelsberg (MIZ).<\/a><\/h5>\n","protected":false},"excerpt":{"rendered":"<p>Wie sieht das Arbeitsleben einer professionellen T\u00e4nzerin in Berlin aus? Wir nehmen euch mit in die Welt der T\u00e4nzerin, Choreografin und Tanzp\u00e4dagogin Katharina Scheidtmann.<\/p>\n","protected":false},"author":1,"featured_media":11184,"comment_status":"closed","ping_status":"closed","sticky":false,"template":"","format":"standard","meta":{"ngg_post_thumbnail":0,"_links_to":"","_links_to_target":""},"categories":[501,96,495,538,95],"tags":[921,130,51,707,271],"jetpack_featured_media_url":"https:\/\/i0.wp.com\/userpage.fu-berlin.de\/melab\/wordpress\/wp-content\/uploads\/2021\/02\/vlcsnap-2021-02-26-14h50m49s167.png?fit=1920%2C1080&ssl=1","_links":{"self":[{"href":"https:\/\/userpage.fu-berlin.de\/melab\/wordpress\/index.php?rest_route=\/wp\/v2\/posts\/11180"}],"collection":[{"href":"https:\/\/userpage.fu-berlin.de\/melab\/wordpress\/index.php?rest_route=\/wp\/v2\/posts"}],"about":[{"href":"https:\/\/userpage.fu-berlin.de\/melab\/wordpress\/index.php?rest_route=\/wp\/v2\/types\/post"}],"author":[{"embeddable":true,"href":"https:\/\/userpage.fu-berlin.de\/melab\/wordpress\/index.php?rest_route=\/wp\/v2\/users\/1"}],"replies":[{"embeddable":true,"href":"https:\/\/userpage.fu-berlin.de\/melab\/wordpress\/index.php?rest_route=%2Fwp%2Fv2%2Fcomments&post=11180"}],"version-history":[{"count":5,"href":"https:\/\/userpage.fu-berlin.de\/melab\/wordpress\/index.php?rest_route=\/wp\/v2\/posts\/11180\/revisions"}],"predecessor-version":[{"id":11197,"href":"https:\/\/userpage.fu-berlin.de\/melab\/wordpress\/index.php?rest_route=\/wp\/v2\/posts\/11180\/revisions\/11197"}],"wp:featuredmedia":[{"embeddable":true,"href":"https:\/\/userpage.fu-berlin.de\/melab\/wordpress\/index.php?rest_route=\/wp\/v2\/media\/11184"}],"wp:attachment":[{"href":"https:\/\/userpage.fu-berlin.de\/melab\/wordpress\/index.php?rest_route=%2Fwp%2Fv2%2Fmedia&parent=11180"}],"wp:term":[{"taxonomy":"category","embeddable":true,"href":"https:\/\/userpage.fu-berlin.de\/melab\/wordpress\/index.php?rest_route=%2Fwp%2Fv2%2Fcategories&post=11180"},{"taxonomy":"post_tag","embeddable":true,"href":"https:\/\/userpage.fu-berlin.de\/melab\/wordpress\/index.php?rest_route=%2Fwp%2Fv2%2Ftags&post=11180"}],"curies":[{"name":"wp","href":"https:\/\/api.w.org\/{rel}","templated":true}]}}