{"id":11150,"date":"2021-02-26T14:57:52","date_gmt":"2021-02-26T12:57:52","guid":{"rendered":"http:\/\/userpage.fu-berlin.de\/melab\/wordpress\/?p=11150"},"modified":"2021-04-09T13:12:38","modified_gmt":"2021-04-09T11:12:38","slug":"tatort-berlin-wie-das-verbrechen-an-die-oeffentlichkeit-kommt-audio","status":"publish","type":"post","link":"https:\/\/userpage.fu-berlin.de\/melab\/wordpress\/?p=11150","title":{"rendered":"Tatort Berlin \u2013 wie das Verbrechen an die \u00d6ffentlichkeit kommt (Audio)"},"content":{"rendered":"<p><strong>True Crime erfreut sich immer gr\u00f6\u00dferer Beliebtheit. Dabei steht vor allem die polizeiliche Arbeit im Vordergrund. Wie erf\u00e4hrt die \u00d6ffentlichkeit von Straftaten? Nicht direkt von der Polizei, sondern durch Artikel von Kriminaljournalist*innen. Einen Einblick in die Berichterstattung w\u00e4hrend laufender Ermittlungen gibt uns der Polizei- und Kriminalreporter Alexander Dinger am Beispiel des Vermisstenfalles Rebecca Reusch. Er schreibt seit 2016 f\u00fcr die Berliner Morgenpost und hat die Suche nach Rebecca von Anfang an begleitet. Sind die Ermittlungen abgeschlossen und ein Fall landet vor Gericht, \u00fcbernehmen Gerichtsreporter*innen die mediale Berichterstattung. Wie sich deren Alltag gestaltet, verriet uns Maria-Christina Nimmerfroh, die lange am Landgericht K\u00f6ln t\u00e4tig war.<br \/>\nDoch wie erfahren Journalist*innen \u00fcberhaupt von neuen Kriminalf\u00e4llen? Warum k\u00f6nnen zu viele ver\u00f6ffentlichte Informationen die Ermittlungen behindern? Und was ist eigentlich der Unterschied zwischen Kriminal-&amp; Gerichtsreporter*innen?<br \/>\n<\/strong><!--more--><\/p>\n<!--[if lt IE 9]><script>document.createElement('audio');<\/script><![endif]-->\n<audio class=\"wp-audio-shortcode\" id=\"audio-11150-1\" preload=\"none\" style=\"width: 100%;\" controls=\"controls\"><source type=\"audio\/mpeg\" src=\"http:\/\/userpage.fu-berlin.de\/melab\/wordpress\/wp-content\/uploads\/2021\/02\/Beitrag-Tatort-Berlin-FINAL.mp3?_=1\" \/><a href=\"http:\/\/userpage.fu-berlin.de\/melab\/wordpress\/wp-content\/uploads\/2021\/02\/Beitrag-Tatort-Berlin-FINAL.mp3\">http:\/\/userpage.fu-berlin.de\/melab\/wordpress\/wp-content\/uploads\/2021\/02\/Beitrag-Tatort-Berlin-FINAL.mp3<\/a><\/audio>\n<p><em>Von Anna Winter, Chiara Santjer und Zoe Hartman<\/em><\/p>\n<p>Ein Beitrag aus \u201ePlaces and Voices\u201c, der TV-Sendung des Praxisseminars Radio im Wintersemester 2020\/2021 unter der Leitung von Anja Kretschmer. Die ganze Sendung lief auf <a href=\"http:\/\/www.alex-berlin.de\/\">Radio Alex<\/a>.<\/p>\n<h5>\u201ePlaces and Voices\u201c ist ein Projekt des <a href=\"http:\/\/www.polsoz.fu-berlin.de\/kommwiss\/\">Instituts f\u00fcr Publizistik und Kommunikationswissenschaft<\/a> der Freien Universit\u00e4t Berlin in Zusammenarbeit mit dem <a href=\"http:\/\/www.miz-babelsberg.de\/\">Medieninnovationszentrum Babelsberg (MIZ).<\/a><\/h5>\n","protected":false},"excerpt":{"rendered":"<p>True Crime erfreut sich immer gr\u00f6\u00dferer Beliebtheit. Dabei steht vor allem die polizeiliche Arbeit im Vordergrund. Wie erf\u00e4hrt die \u00d6ffentlichkeit von Straftaten? Nicht direkt von der Polizei, sondern durch Artikel von Kriminaljournalist*innen. Einen Einblick in die Berichterstattung w\u00e4hrend laufender Ermittlungen gibt uns der Polizei- und Kriminalreporter Alexander Dinger am Beispiel des Vermisstenfalles Rebecca Reusch. Er [&hellip;]<\/p>\n","protected":false},"author":1,"featured_media":11151,"comment_status":"closed","ping_status":"closed","sticky":false,"template":"","format":"standard","meta":{"ngg_post_thumbnail":0,"_links_to":"","_links_to_target":""},"categories":[496,539,97,95],"tags":[921,926,228,924,925],"jetpack_featured_media_url":"https:\/\/i0.wp.com\/userpage.fu-berlin.de\/melab\/wordpress\/wp-content\/uploads\/2021\/02\/pexels-rodnae-productions-6069247.jpg?fit=5968%2C3979&ssl=1","_links":{"self":[{"href":"https:\/\/userpage.fu-berlin.de\/melab\/wordpress\/index.php?rest_route=\/wp\/v2\/posts\/11150"}],"collection":[{"href":"https:\/\/userpage.fu-berlin.de\/melab\/wordpress\/index.php?rest_route=\/wp\/v2\/posts"}],"about":[{"href":"https:\/\/userpage.fu-berlin.de\/melab\/wordpress\/index.php?rest_route=\/wp\/v2\/types\/post"}],"author":[{"embeddable":true,"href":"https:\/\/userpage.fu-berlin.de\/melab\/wordpress\/index.php?rest_route=\/wp\/v2\/users\/1"}],"replies":[{"embeddable":true,"href":"https:\/\/userpage.fu-berlin.de\/melab\/wordpress\/index.php?rest_route=%2Fwp%2Fv2%2Fcomments&post=11150"}],"version-history":[{"count":5,"href":"https:\/\/userpage.fu-berlin.de\/melab\/wordpress\/index.php?rest_route=\/wp\/v2\/posts\/11150\/revisions"}],"predecessor-version":[{"id":11192,"href":"https:\/\/userpage.fu-berlin.de\/melab\/wordpress\/index.php?rest_route=\/wp\/v2\/posts\/11150\/revisions\/11192"}],"wp:featuredmedia":[{"embeddable":true,"href":"https:\/\/userpage.fu-berlin.de\/melab\/wordpress\/index.php?rest_route=\/wp\/v2\/media\/11151"}],"wp:attachment":[{"href":"https:\/\/userpage.fu-berlin.de\/melab\/wordpress\/index.php?rest_route=%2Fwp%2Fv2%2Fmedia&parent=11150"}],"wp:term":[{"taxonomy":"category","embeddable":true,"href":"https:\/\/userpage.fu-berlin.de\/melab\/wordpress\/index.php?rest_route=%2Fwp%2Fv2%2Fcategories&post=11150"},{"taxonomy":"post_tag","embeddable":true,"href":"https:\/\/userpage.fu-berlin.de\/melab\/wordpress\/index.php?rest_route=%2Fwp%2Fv2%2Ftags&post=11150"}],"curies":[{"name":"wp","href":"https:\/\/api.w.org\/{rel}","templated":true}]}}