{"id":11146,"date":"2021-04-09T13:13:06","date_gmt":"2021-04-09T11:13:06","guid":{"rendered":"http:\/\/userpage.fu-berlin.de\/melab\/wordpress\/?p=11146"},"modified":"2022-01-23T18:41:41","modified_gmt":"2022-01-23T16:41:41","slug":"unsichtbare-arbeit-oder-wie-systhemrelevant-ist-putzen-audio","status":"publish","type":"post","link":"https:\/\/userpage.fu-berlin.de\/melab\/wordpress\/?p=11146","title":{"rendered":"Unsichtbare Arbeit \u2013 oder: Wie systemrelevant ist putzen? (Audio)"},"content":{"rendered":"<p><strong>Sie kommen, wenn andere gehen und sind oft schon verschwunden, wenn der Tag f\u00fcr die meisten beginnt. Sie lassen sichtbare Hinterlassenschaften verschwinden ohne selbst sichtbar zu werden. Gesellschaftlich kaum wahrgenommen und meist prek\u00e4r angestellt, z\u00e4hlen Reinigungskr\u00e4fte doch zu den \u201csystemrelevanten\u201d Berufen. Was sagen die Menschen, die als Reinigungskr\u00e4fte arbeiten selbst \u00fcber ihre Arbeit? Wie geht es ihnen in einem Beruf, der in der gesellschaftlichen Wahrnehmung und arbeitsrechtlich gering gesch\u00e4tzt wird? Wie gestaltet sich der Alltag der Putzkr\u00e4fte in Zeiten von Corona? Wir haben zwei von ihnen und VertreterInnen der Gewerkschaft getroffen.<br \/>\n<\/strong><!--more--><\/p>\n<!--[if lt IE 9]><script>document.createElement('audio');<\/script><![endif]-->\n<audio class=\"wp-audio-shortcode\" id=\"audio-11146-1\" preload=\"none\" style=\"width: 100%;\" controls=\"controls\"><source type=\"audio\/wav\" src=\"http:\/\/userpage.fu-berlin.de\/melab\/wordpress\/wp-content\/uploads\/2022\/01\/Unsichtbare%20Arbeit%2018.12%20Final%20.wav?_=1\" \/><a href=\"http:\/\/userpage.fu-berlin.de\/melab\/wordpress\/wp-content\/uploads\/2022\/01\/Unsichtbare%20Arbeit%2018.12%20Final%20.wav\">http:\/\/userpage.fu-berlin.de\/melab\/wordpress\/wp-content\/uploads\/2022\/01\/Unsichtbare%20Arbeit%2018.12%20Final%20.wav<\/a><\/audio>\n<p><em>Von Susanne Grunewald, Florian Rieder, Artem Zarudnyi und Marie Benthin<\/em><\/p>\n<p>Ein Beitrag aus \u201ePlaces and Voices\u201c, der TV-Sendung des Praxisseminars Radio im Wintersemester 2020\/2021 unter der Leitung von Anja Kretschmer. Die ganze Sendung lief auf <a href=\"http:\/\/www.alex-berlin.de\/\">Radio Alex<\/a>.<\/p>\n<h5>\u201ePlaces and Voices\u201c ist ein Projekt des <a href=\"http:\/\/www.polsoz.fu-berlin.de\/kommwiss\/\">Instituts f\u00fcr Publizistik und Kommunikationswissenschaft<\/a> der Freien Universit\u00e4t Berlin in Zusammenarbeit mit dem <a href=\"http:\/\/www.miz-babelsberg.de\/\">Medieninnovationszentrum Babelsberg (MIZ).<\/a><\/h5>\n","protected":false},"excerpt":{"rendered":"<p>Sie kommen, wenn andere gehen und sind oft schon verschwunden, wenn der Tag f\u00fcr die meisten beginnt. Sie lassen sichtbare Hinterlassenschaften verschwinden ohne selbst sichtbar zu werden. Gesellschaftlich kaum wahrgenommen und meist prek\u00e4r angestellt, z\u00e4hlen Reinigungskr\u00e4fte doch zu den \u201csystemrelevanten\u201d Berufen. Was sagen die Menschen, die als Reinigungskr\u00e4fte arbeiten selbst \u00fcber ihre Arbeit? Wie geht [&hellip;]<\/p>\n","protected":false},"author":1,"featured_media":11147,"comment_status":"closed","ping_status":"closed","sticky":false,"template":"","format":"standard","meta":{"ngg_post_thumbnail":0,"_links_to":"","_links_to_target":""},"categories":[496,539,97,95],"tags":[921,830,897,922,923],"jetpack_featured_media_url":"https:\/\/i0.wp.com\/userpage.fu-berlin.de\/melab\/wordpress\/wp-content\/uploads\/2021\/02\/WiSe-20-21-radio-putzen.jpg?fit=2304%2C1336&ssl=1","_links":{"self":[{"href":"https:\/\/userpage.fu-berlin.de\/melab\/wordpress\/index.php?rest_route=\/wp\/v2\/posts\/11146"}],"collection":[{"href":"https:\/\/userpage.fu-berlin.de\/melab\/wordpress\/index.php?rest_route=\/wp\/v2\/posts"}],"about":[{"href":"https:\/\/userpage.fu-berlin.de\/melab\/wordpress\/index.php?rest_route=\/wp\/v2\/types\/post"}],"author":[{"embeddable":true,"href":"https:\/\/userpage.fu-berlin.de\/melab\/wordpress\/index.php?rest_route=\/wp\/v2\/users\/1"}],"replies":[{"embeddable":true,"href":"https:\/\/userpage.fu-berlin.de\/melab\/wordpress\/index.php?rest_route=%2Fwp%2Fv2%2Fcomments&post=11146"}],"version-history":[{"count":7,"href":"https:\/\/userpage.fu-berlin.de\/melab\/wordpress\/index.php?rest_route=\/wp\/v2\/posts\/11146\/revisions"}],"predecessor-version":[{"id":11506,"href":"https:\/\/userpage.fu-berlin.de\/melab\/wordpress\/index.php?rest_route=\/wp\/v2\/posts\/11146\/revisions\/11506"}],"wp:featuredmedia":[{"embeddable":true,"href":"https:\/\/userpage.fu-berlin.de\/melab\/wordpress\/index.php?rest_route=\/wp\/v2\/media\/11147"}],"wp:attachment":[{"href":"https:\/\/userpage.fu-berlin.de\/melab\/wordpress\/index.php?rest_route=%2Fwp%2Fv2%2Fmedia&parent=11146"}],"wp:term":[{"taxonomy":"category","embeddable":true,"href":"https:\/\/userpage.fu-berlin.de\/melab\/wordpress\/index.php?rest_route=%2Fwp%2Fv2%2Fcategories&post=11146"},{"taxonomy":"post_tag","embeddable":true,"href":"https:\/\/userpage.fu-berlin.de\/melab\/wordpress\/index.php?rest_route=%2Fwp%2Fv2%2Ftags&post=11146"}],"curies":[{"name":"wp","href":"https:\/\/api.w.org\/{rel}","templated":true}]}}