{"id":10935,"date":"2020-02-11T17:51:00","date_gmt":"2020-02-11T15:51:00","guid":{"rendered":"http:\/\/userpage.fu-berlin.de\/melab\/wordpress\/?p=10935"},"modified":"2020-02-12T18:14:33","modified_gmt":"2020-02-12T16:14:33","slug":"weihnachtszeit-am-breitscheidplatz-man-denkt-einfach-daran","status":"publish","type":"post","link":"https:\/\/userpage.fu-berlin.de\/melab\/wordpress\/?p=10935","title":{"rendered":"Weihnachtszeit am Breitscheidplatz: \u201eMan denkt einfach daran.\u201c"},"content":{"rendered":"<p><strong>Absperrungen und Polizei. So sehen die Eing\u00e4nge zum Weihnachtsmarkt am Breitscheidplatz aus. Seit dem Anschlag 2016 hat sich viel ge\u00e4ndert. Was denken die Menschen auf dem Weihnachtsmarkt heute \u00fcber den Anschlag? Wie gehen sie mit der Erinnerung um? Und was sagen sie zu den Sicherheitsma\u00dfnahmen?<\/strong><!--more--><\/p>\n<p><em>von JL<\/em><\/p>\n<p>Der Besuch auf dem Weihnachtsmarkt am Breitscheidplatz kann bei vielen Menschen trotz der besinnlichen Zeit auch zu einer bedr\u00fcckten Stimmung und gemischten Gef\u00fchlen f\u00fchren: Inmitten der St\u00e4nde befindet sich der Gedenkort f\u00fcr die Opfer des Anschlags von 2016 \u2013 so ist das Geschehene gerade in der Weihnachtszeit sehr pr\u00e4sent.<\/p>\n<h3><strong>Der Anschlag auf den Weihnachtsmarkt am Breitscheidplatz<\/strong><\/h3>\n<p>Am 19. Dezember 2016 steuerte der Tunesier Anis Amri einen LKW auf das Gel\u00e4nde des Weihnachtsmarktes bei der Berliner Ged\u00e4chtniskirche. Zw\u00f6lf Menschen starben bei diesem Attentat, etwa 70 Menschen wurden verletzt. Den LKW-Fahrer hatte Amri zuvor get\u00f6tet. Der Anschlag wird als der bisher schwerste islamistische Anschlag in Deutschland eingestuft. Amri war zun\u00e4chst fl\u00fcchtig, wurde dann aber in Italien von der Polizei erschossen. Ermittlungen bez\u00fcglich des Falles halten bis heute an. Meine Recherchen haben mich im Winter 2019 auf den Weihnachtsmarkt gef\u00fchrt. Dort habe ich versucht, die Stimmung einzufangen und vor Ort \u00fcber das Geschehene zu reden.<\/p>\n<h3><strong>Betroffenheit&nbsp; <\/strong><\/h3>\n<div id=\"attachment_10940\" style=\"width: 310px\" class=\"wp-caption alignright\"><img aria-describedby=\"caption-attachment-10940\" decoding=\"async\" loading=\"lazy\" class=\"size-medium wp-image-10940\" src=\"https:\/\/i0.wp.com\/userpage.fu-berlin.de\/melab\/wordpress\/wp-content\/uploads\/2020\/02\/Bild-2.jpg?resize=300%2C225\" alt=\"\" width=\"300\" height=\"225\" srcset=\"https:\/\/i0.wp.com\/userpage.fu-berlin.de\/melab\/wordpress\/wp-content\/uploads\/2020\/02\/Bild-2.jpg?resize=200%2C150&amp;ssl=1 200w, https:\/\/i0.wp.com\/userpage.fu-berlin.de\/melab\/wordpress\/wp-content\/uploads\/2020\/02\/Bild-2.jpg?resize=300%2C225&amp;ssl=1 300w, https:\/\/i0.wp.com\/userpage.fu-berlin.de\/melab\/wordpress\/wp-content\/uploads\/2020\/02\/Bild-2.jpg?resize=400%2C300&amp;ssl=1 400w, https:\/\/i0.wp.com\/userpage.fu-berlin.de\/melab\/wordpress\/wp-content\/uploads\/2020\/02\/Bild-2.jpg?resize=600%2C450&amp;ssl=1 600w, https:\/\/i0.wp.com\/userpage.fu-berlin.de\/melab\/wordpress\/wp-content\/uploads\/2020\/02\/Bild-2.jpg?resize=800%2C600&amp;ssl=1 800w, https:\/\/i0.wp.com\/userpage.fu-berlin.de\/melab\/wordpress\/wp-content\/uploads\/2020\/02\/Bild-2.jpg?resize=1024%2C768&amp;ssl=1 1024w, https:\/\/i0.wp.com\/userpage.fu-berlin.de\/melab\/wordpress\/wp-content\/uploads\/2020\/02\/Bild-2.jpg?resize=1200%2C900&amp;ssl=1 1200w, https:\/\/i0.wp.com\/userpage.fu-berlin.de\/melab\/wordpress\/wp-content\/uploads\/2020\/02\/Bild-2.jpg?w=2200 2200w, https:\/\/i0.wp.com\/userpage.fu-berlin.de\/melab\/wordpress\/wp-content\/uploads\/2020\/02\/Bild-2.jpg?w=3300 3300w, https:\/\/i0.wp.com\/userpage.fu-berlin.de\/melab\/wordpress\/wp-content\/uploads\/2020\/02\/Bild-2.jpg?fit=4032%2C3024&amp;ssl=1 4032w\" sizes=\"(max-width: 300px) 100vw, 300px\" data-recalc-dims=\"1\" \/><p id=\"caption-attachment-10940\" class=\"wp-caption-text\">Betonpfeiler vor dem Eingang zum Markt. Die Anwesenheit der Polizei ist auch dieses Jahr zu sp\u00fcren. (Foto: JL)<\/p><\/div>\n<p>Der Anschlag besch\u00e4ftigt die Menschen noch sehr. Viele m\u00f6chten nicht dar\u00fcber sprechen. F\u00fcr einige ist es schwierig dar\u00fcber zu reden, andere sagen, dass es ihnen hilft. Eine von dem Anschlag betroffene Standbesitzerin wies mich darauf hin, dass sie nicht immerzu daran denken und deshalb auch keine Fragen beantworten m\u00f6chte. Ich habe vor allem Zur\u00fcckweisungen dieser Art erfahren auf meiner Runde \u00fcber den Markt, konnte aber auch ein paar Gespr\u00e4che f\u00fchren. Fl\u00fcchtig. Namentlich genannt werden wollte niemand.<\/p>\n<p>Viele der St\u00e4nde stehen jedes Jahr am selben Platz. Wer seinen Stand auf der Seite des heutigen Gedenkortes hat, hat einen besonderen Bezug zu dem Attentat.<\/p>\n<div id=\"attachment_10941\" style=\"width: 235px\" class=\"wp-caption alignleft\"><img aria-describedby=\"caption-attachment-10941\" decoding=\"async\" loading=\"lazy\" class=\"size-medium wp-image-10941\" src=\"https:\/\/i0.wp.com\/userpage.fu-berlin.de\/melab\/wordpress\/wp-content\/uploads\/2020\/02\/Bild-3-e1581425789388-225x300.jpg?resize=225%2C300\" alt=\"\" width=\"225\" height=\"300\" srcset=\"https:\/\/i0.wp.com\/userpage.fu-berlin.de\/melab\/wordpress\/wp-content\/uploads\/2020\/02\/Bild-3-e1581425789388.jpg?resize=200%2C267&amp;ssl=1 200w, https:\/\/i0.wp.com\/userpage.fu-berlin.de\/melab\/wordpress\/wp-content\/uploads\/2020\/02\/Bild-3-e1581425789388.jpg?resize=225%2C300&amp;ssl=1 225w, https:\/\/i0.wp.com\/userpage.fu-berlin.de\/melab\/wordpress\/wp-content\/uploads\/2020\/02\/Bild-3-e1581425789388.jpg?resize=400%2C533&amp;ssl=1 400w, https:\/\/i0.wp.com\/userpage.fu-berlin.de\/melab\/wordpress\/wp-content\/uploads\/2020\/02\/Bild-3-e1581425789388.jpg?resize=600%2C800&amp;ssl=1 600w, https:\/\/i0.wp.com\/userpage.fu-berlin.de\/melab\/wordpress\/wp-content\/uploads\/2020\/02\/Bild-3-e1581425789388.jpg?resize=768%2C1024&amp;ssl=1 768w, https:\/\/i0.wp.com\/userpage.fu-berlin.de\/melab\/wordpress\/wp-content\/uploads\/2020\/02\/Bild-3-e1581425789388.jpg?resize=800%2C1067&amp;ssl=1 800w, https:\/\/i0.wp.com\/userpage.fu-berlin.de\/melab\/wordpress\/wp-content\/uploads\/2020\/02\/Bild-3-e1581425789388.jpg?resize=1200%2C1600&amp;ssl=1 1200w, https:\/\/i0.wp.com\/userpage.fu-berlin.de\/melab\/wordpress\/wp-content\/uploads\/2020\/02\/Bild-3-e1581425789388.jpg?w=2200 2200w, https:\/\/i0.wp.com\/userpage.fu-berlin.de\/melab\/wordpress\/wp-content\/uploads\/2020\/02\/Bild-3-e1581425789388.jpg?fit=3024%2C4032&amp;ssl=1 3024w\" sizes=\"(max-width: 225px) 100vw, 225px\" data-recalc-dims=\"1\" \/><p id=\"caption-attachment-10941\" class=\"wp-caption-text\">Besucher des Marktes rund um die Berliner Ged\u00e4chtsniskirche. (Foto:JL)<\/p><\/div>\n<p>Jeden Tag gehen sie auf dem Weg zur Arbeit an der Gedenkstelle vorbei. Dadurch kommt automatisch die Erinnerung an das Geschehene. Manche halten dort kurz inne. <em>\u201eBesonders in der Weihnachtszeit ist das alles einfach wieder sehr pr\u00e4sent. Die Gedenktafel macht es einem noch mehr bewusst.\u201c <\/em>Durch den Gedenkort wird der Anschlag auch au\u00dferhalb der Weihnachtszeit ins Ged\u00e4chtnis gerufen. Die Erinnerung wird auch als positiv angesehen, so geraten vor allem die Opfer nicht in Vergessenheit. Die Verk\u00e4uferin eines Cr\u00eape-Standes in der N\u00e4he des Gedenkortes sagt dazu: <em>\u201eIn Gedanken ist man einfach immer dabei.\u201c<\/em><\/p>\n<h3><strong>Das Sicherheitsgef\u00fchl auf dem Markt<\/strong><\/h3>\n<p>Besucher und Standbesitzer scheinen sich mit den Ma\u00dfnahmen der Polizei sicher zu f\u00fchlen. An jedem Eingang sind Polizisten und Betonpfeiler platziert, eine Absperrung geht fast um den ganzen Platz. Au\u00dferdem patrouillieren einige Polizisten. Das Gef\u00fchl direkter Angst ist auf dem Markt wenig pr\u00e4sent. Allerdings schlie\u00dfen manche einen weiteren Anschlag auch nicht komplett aus, das stimmt dann doch nachdenklich. <em>\u201eIch kann mir aber nicht vorstellen, dass so ein Anschlag zweimal am Breitscheidplatz ver\u00fcbt wird\u201c<\/em>, sagt eine Standbesitzerin. Mit der Erw\u00e4hnung der starken Sicherheitsstrukturen in Deutschland und der geringen Chance der eigenen Betroffenheit wird der Gedanke dann auch wieder abgetan. Man m\u00fcsse in Deutschland nicht jeden Tag mit dieser Angst leben und sich immer nur um seine Sicherheit sorgen. Eine andere Stimme: <em>\u201eUnsicherheit ist doch genau das, was solche Leute zum Teil auch erreichen wollen. Wenn man sich dauernd nur noch unsicher f\u00fchlt, macht man sich auch vieles selbst schwer.\u201c <\/em>Weitere Erh\u00f6hungen der Sicherheitsma\u00dfnahmen werden kritisch betrachtet: Inwieweit w\u00fcrde sich dann noch eine weihnachtliche Atmosph\u00e4re zeigen?<\/p>\n<p>Momentan erlebe ich einen Mittelweg zwischen den Schutzvorkehrungen und einem Beibehalten des Weihnachtsgef\u00fchls und der festlichen Stimmung. Der Breitscheidplatz wird aber weiterhin vor allem ein Ort des Erinnerns bleiben.<\/p>\n<hr>\n<p><span style=\"color: #003366;\"><img decoding=\"async\" loading=\"lazy\" class=\"alignleft size-thumbnail wp-image-4808\" src=\"https:\/\/i0.wp.com\/userpage.fu-berlin.de\/melab\/wordpress\/wp-content\/uploads\/2015\/02\/icon-MeLab-neu-54d1f22ev1_site_icon.png?resize=150%2C150\" alt=\"Large Blog Image\" width=\"150\" height=\"150\" srcset=\"https:\/\/i0.wp.com\/userpage.fu-berlin.de\/melab\/wordpress\/wp-content\/uploads\/2015\/02\/icon-MeLab-neu-54d1f22ev1_site_icon.png?resize=16%2C16&amp;ssl=1 16w, https:\/\/i0.wp.com\/userpage.fu-berlin.de\/melab\/wordpress\/wp-content\/uploads\/2015\/02\/icon-MeLab-neu-54d1f22ev1_site_icon.png?resize=32%2C32&amp;ssl=1 32w, https:\/\/i0.wp.com\/userpage.fu-berlin.de\/melab\/wordpress\/wp-content\/uploads\/2015\/02\/icon-MeLab-neu-54d1f22ev1_site_icon.png?resize=64%2C64&amp;ssl=1 64w, https:\/\/i0.wp.com\/userpage.fu-berlin.de\/melab\/wordpress\/wp-content\/uploads\/2015\/02\/icon-MeLab-neu-54d1f22ev1_site_icon.png?resize=80%2C80&amp;ssl=1 80w, https:\/\/i0.wp.com\/userpage.fu-berlin.de\/melab\/wordpress\/wp-content\/uploads\/2015\/02\/icon-MeLab-neu-54d1f22ev1_site_icon.png?resize=128%2C128&amp;ssl=1 128w, https:\/\/i0.wp.com\/userpage.fu-berlin.de\/melab\/wordpress\/wp-content\/uploads\/2015\/02\/icon-MeLab-neu-54d1f22ev1_site_icon.png?resize=150%2C150&amp;ssl=1 150w, https:\/\/i0.wp.com\/userpage.fu-berlin.de\/melab\/wordpress\/wp-content\/uploads\/2015\/02\/icon-MeLab-neu-54d1f22ev1_site_icon.png?resize=219%2C219&amp;ssl=1 219w, https:\/\/i0.wp.com\/userpage.fu-berlin.de\/melab\/wordpress\/wp-content\/uploads\/2015\/02\/icon-MeLab-neu-54d1f22ev1_site_icon.png?resize=256%2C256&amp;ssl=1 256w, https:\/\/i0.wp.com\/userpage.fu-berlin.de\/melab\/wordpress\/wp-content\/uploads\/2015\/02\/icon-MeLab-neu-54d1f22ev1_site_icon.png?fit=512%2C512&amp;ssl=1 512w\" sizes=\"(max-width: 150px) 100vw, 150px\" data-recalc-dims=\"1\" \/><strong>JL<\/strong> studiert Publizistik- und Kommunikationswissenschaft sowie Geschichte an der FU Berlin. Zurzeit lebt sie in Charlottenburg.<br \/>\n<\/span><\/p>\n<hr>\n","protected":false},"excerpt":{"rendered":"<p>Absperrungen und Polizei. So sehen die Eing\u00e4nge zum Weihnachtsmarkt am Breitscheidplatz aus. Seit dem Anschlag 2016 hat sich viel ge\u00e4ndert. Was denken die Menschen auf dem Weihnachtsmarkt heute \u00fcber den Anschlag? Wie gehen sie mit der Erinnerung um? Und was sagen sie zu den Sicherheitsma\u00dfnahmen?<\/p>\n","protected":false},"author":47,"featured_media":10939,"comment_status":"closed","ping_status":"closed","sticky":false,"template":"","format":"standard","meta":{"ngg_post_thumbnail":0,"_links_to":"","_links_to_target":""},"categories":[501,498,497],"tags":[875,479,480,475,244,882,481],"jetpack_featured_media_url":"https:\/\/i0.wp.com\/userpage.fu-berlin.de\/melab\/wordpress\/wp-content\/uploads\/2020\/02\/BeitragsbildJL.jpg?fit=4032%2C3024&ssl=1","_links":{"self":[{"href":"https:\/\/userpage.fu-berlin.de\/melab\/wordpress\/index.php?rest_route=\/wp\/v2\/posts\/10935"}],"collection":[{"href":"https:\/\/userpage.fu-berlin.de\/melab\/wordpress\/index.php?rest_route=\/wp\/v2\/posts"}],"about":[{"href":"https:\/\/userpage.fu-berlin.de\/melab\/wordpress\/index.php?rest_route=\/wp\/v2\/types\/post"}],"author":[{"embeddable":true,"href":"https:\/\/userpage.fu-berlin.de\/melab\/wordpress\/index.php?rest_route=\/wp\/v2\/users\/47"}],"replies":[{"embeddable":true,"href":"https:\/\/userpage.fu-berlin.de\/melab\/wordpress\/index.php?rest_route=%2Fwp%2Fv2%2Fcomments&post=10935"}],"version-history":[{"count":8,"href":"https:\/\/userpage.fu-berlin.de\/melab\/wordpress\/index.php?rest_route=\/wp\/v2\/posts\/10935\/revisions"}],"predecessor-version":[{"id":11001,"href":"https:\/\/userpage.fu-berlin.de\/melab\/wordpress\/index.php?rest_route=\/wp\/v2\/posts\/10935\/revisions\/11001"}],"wp:featuredmedia":[{"embeddable":true,"href":"https:\/\/userpage.fu-berlin.de\/melab\/wordpress\/index.php?rest_route=\/wp\/v2\/media\/10939"}],"wp:attachment":[{"href":"https:\/\/userpage.fu-berlin.de\/melab\/wordpress\/index.php?rest_route=%2Fwp%2Fv2%2Fmedia&parent=10935"}],"wp:term":[{"taxonomy":"category","embeddable":true,"href":"https:\/\/userpage.fu-berlin.de\/melab\/wordpress\/index.php?rest_route=%2Fwp%2Fv2%2Fcategories&post=10935"},{"taxonomy":"post_tag","embeddable":true,"href":"https:\/\/userpage.fu-berlin.de\/melab\/wordpress\/index.php?rest_route=%2Fwp%2Fv2%2Ftags&post=10935"}],"curies":[{"name":"wp","href":"https:\/\/api.w.org\/{rel}","templated":true}]}}