{"id":10924,"date":"2020-01-15T12:27:25","date_gmt":"2020-01-15T10:27:25","guid":{"rendered":"http:\/\/userpage.fu-berlin.de\/melab\/wordpress\/?p=10924"},"modified":"2020-01-16T10:19:47","modified_gmt":"2020-01-16T08:19:47","slug":"wenn-ki-dann-feministisch-audio","status":"publish","type":"post","link":"https:\/\/userpage.fu-berlin.de\/melab\/wordpress\/?p=10924","title":{"rendered":"Wenn KI, dann feministisch (Audio)"},"content":{"rendered":"<p><strong>Sprachassistenzen wie Siri oder Alexa haben Einzug in unseren Alltag gehalten. Auff\u00e4llig ist, dass diese gr\u00f6\u00dftenteils weibliche Namen tragen sowie in weiblichen Stimmfarben und Sprachmustern sprechen. Inwiefern so Geschlechterstereotype reproduziert und verfestigt werden, untersuchen Kim Hufnagl, Luisa Carvalho und Tim Gassauer in folgendem Beitrag.<\/strong><!--more--><\/p>\n<!--[if lt IE 9]><script>document.createElement('audio');<\/script><![endif]-->\n<audio class=\"wp-audio-shortcode\" id=\"audio-10924-1\" preload=\"none\" style=\"width: 100%;\" controls=\"controls\"><source type=\"audio\/mpeg\" src=\"http:\/\/userpage.fu-berlin.de\/melab\/wordpress\/wp-content\/uploads\/2020\/01\/Beitrag-Hufnagl_Carvalho_Gassauer.mp3?_=1\" \/><a href=\"http:\/\/userpage.fu-berlin.de\/melab\/wordpress\/wp-content\/uploads\/2020\/01\/Beitrag-Hufnagl_Carvalho_Gassauer.mp3\">http:\/\/userpage.fu-berlin.de\/melab\/wordpress\/wp-content\/uploads\/2020\/01\/Beitrag-Hufnagl_Carvalho_Gassauer.mp3<\/a><\/audio>\n<p><em>Von Kim Hufnagl, Luisa Carvalho und Tim Gassauer<\/em><\/p>\n<p>Ein Beitrag aus \u201ePlaces and Voices\u201c, der H\u00f6rfunksendung des Praxisseminars H\u00f6rfunk im Wintersemester 2019\/20 unter der Leitung von Anja Kretschmer. Die ganze Sendung lief auf <a href=\"http:\/\/www.alex-berlin.de\/\">ALEX BERLIN<\/a>.<\/p>\n<h5>Ein <a href=\"http:\/\/www.polsoz.fu-berlin.de\/kommwiss\/arbeitstellen\/journalistik\/lehrprojekte\/index.html\">Projekt<\/a> des <a href=\"http:\/\/www.polsoz.fu-berlin.de\/kommwiss\/\">Instituts f\u00fcr Publizistik- und Kommunikationswissenschaft<\/a> der Freien Universit\u00e4t Berlin in Zusammenarbeit mit dem <a href=\"http:\/\/www.miz-babelsberg.de\/home\">Medieninnovationszentrum Babelsberg (MIZ)<\/a>.<\/h5>\n","protected":false},"excerpt":{"rendered":"<p>Sprachassistenzen wie Siri oder Alexa haben Einzug in unseren Alltag gehalten. Auff\u00e4llig ist, dass diese gr\u00f6\u00dftenteils weibliche Namen tragen sowie in weiblichen Stimmfarben und Sprachmustern sprechen. Inwiefern so Geschlechterstereotype reproduziert und verfestigt werden, untersuchen Kim Hufnagl, Luisa Carvalho und Tim Gassauer in folgendem Beitrag.<\/p>\n","protected":false},"author":1,"featured_media":10926,"comment_status":"closed","ping_status":"closed","sticky":false,"template":"","format":"standard","meta":{"ngg_post_thumbnail":0,"_links_to":"","_links_to_target":""},"categories":[496,539,97,95],"tags":[875,226,269,877,868,193],"jetpack_featured_media_url":"https:\/\/i0.wp.com\/userpage.fu-berlin.de\/melab\/wordpress\/wp-content\/uploads\/2020\/01\/navigation-1048294_1920.jpg?fit=1920%2C1440&ssl=1","_links":{"self":[{"href":"https:\/\/userpage.fu-berlin.de\/melab\/wordpress\/index.php?rest_route=\/wp\/v2\/posts\/10924"}],"collection":[{"href":"https:\/\/userpage.fu-berlin.de\/melab\/wordpress\/index.php?rest_route=\/wp\/v2\/posts"}],"about":[{"href":"https:\/\/userpage.fu-berlin.de\/melab\/wordpress\/index.php?rest_route=\/wp\/v2\/types\/post"}],"author":[{"embeddable":true,"href":"https:\/\/userpage.fu-berlin.de\/melab\/wordpress\/index.php?rest_route=\/wp\/v2\/users\/1"}],"replies":[{"embeddable":true,"href":"https:\/\/userpage.fu-berlin.de\/melab\/wordpress\/index.php?rest_route=%2Fwp%2Fv2%2Fcomments&post=10924"}],"version-history":[{"count":3,"href":"https:\/\/userpage.fu-berlin.de\/melab\/wordpress\/index.php?rest_route=\/wp\/v2\/posts\/10924\/revisions"}],"predecessor-version":[{"id":10929,"href":"https:\/\/userpage.fu-berlin.de\/melab\/wordpress\/index.php?rest_route=\/wp\/v2\/posts\/10924\/revisions\/10929"}],"wp:featuredmedia":[{"embeddable":true,"href":"https:\/\/userpage.fu-berlin.de\/melab\/wordpress\/index.php?rest_route=\/wp\/v2\/media\/10926"}],"wp:attachment":[{"href":"https:\/\/userpage.fu-berlin.de\/melab\/wordpress\/index.php?rest_route=%2Fwp%2Fv2%2Fmedia&parent=10924"}],"wp:term":[{"taxonomy":"category","embeddable":true,"href":"https:\/\/userpage.fu-berlin.de\/melab\/wordpress\/index.php?rest_route=%2Fwp%2Fv2%2Fcategories&post=10924"},{"taxonomy":"post_tag","embeddable":true,"href":"https:\/\/userpage.fu-berlin.de\/melab\/wordpress\/index.php?rest_route=%2Fwp%2Fv2%2Ftags&post=10924"}],"curies":[{"name":"wp","href":"https:\/\/api.w.org\/{rel}","templated":true}]}}