{"id":10905,"date":"2020-01-08T15:47:50","date_gmt":"2020-01-08T13:47:50","guid":{"rendered":"http:\/\/userpage.fu-berlin.de\/melab\/wordpress\/?p=10905"},"modified":"2020-01-16T10:19:24","modified_gmt":"2020-01-16T08:19:24","slug":"digital-ist-besser-video","status":"publish","type":"post","link":"https:\/\/userpage.fu-berlin.de\/melab\/wordpress\/?p=10905","title":{"rendered":"Digital ist besser (Video)"},"content":{"rendered":"<p><strong>In einer digitalen Gesellschaft h\u00e4ufen sich im Laufe eines Tages Unmengen an Informationen \u00fcber einen einzelnen Menschen an: Handys sammeln Daten \u00fcber den Standort, Datennutzung und Fitness &#8211; \u00dcberwachungskameras dominieren den \u00f6ffentlichen Raum. Doch wie nutzen eigentlich Strafverfolgungsbeh\u00f6rden diese Flut an Informationen? Und wie kann die Politik kontrollierend eingreifen?<\/strong><!--more--><\/p>\n<div style=\"width: 1100px;\" class=\"wp-video\"><!--[if lt IE 9]><script>document.createElement('video');<\/script><![endif]-->\n<video class=\"wp-video-shortcode\" id=\"video-10905-1\" width=\"1100\" height=\"619\" poster=\"http:\/\/userpage.fu-berlin.de\/melab\/wordpress\/wp-content\/uploads\/2020\/01\/vlcsnap-2020-01-08-14h42m29s421.png\" preload=\"metadata\" controls=\"controls\"><source type=\"video\/mp4\" src=\"http:\/\/userpage.fu-berlin.de\/melab\/wordpress\/wp-content\/uploads\/2020\/01\/KI%20&#038;%20U?berwachung_mp4&#038;_=1\" \/><a href=\"http:\/\/userpage.fu-berlin.de\/melab\/wordpress\/wp-content\/uploads\/2020\/01\/KI%20&#038;%20U?berwachung.mp4\">http:\/\/userpage.fu-berlin.de\/melab\/wordpress\/wp-content\/uploads\/2020\/01\/KI%20&#038;%20U?berwachung.mp4<\/a><\/video><\/div>\n<p><em>Von Christoph Schmidt, Linda Lauermann, Lisa Wainwright, Julian von B\u00fclow, Karla Ramirez und Annika Grosser.<\/em><\/p>\n<p>Ein Beitrag aus \u201eOne Place \u2013 One Face\u201c, der TV-Sendung des Praxisseminars Fernsehen im Wintersemester 2019\/20 unter der Leitung von Anja Kretschmer. Die ganze Sendung lief auf <a href=\"http:\/\/www.alex-berlin.de\/\">Radio Alex<\/a>.<\/p>\n<h5>\u201eOne Place \u2013 One Face\u201c ist ein Projekt des <a href=\"http:\/\/www.polsoz.fu-berlin.de\/kommwiss\/\">Instituts f\u00fcr Publizistik und Kommunikationswissenschaft<\/a> der Freien Universit\u00e4t Berlin in Zusammenarbeit mit dem <a href=\"http:\/\/www.miz-babelsberg.de\/\">Medieninnovationszentrum Babelsberg (MIZ).<\/a><\/h5>\n","protected":false},"excerpt":{"rendered":"<p>In einer digitalen Gesellschaft h\u00e4ufen sich im Laufe eines Tages Unmengen an Informationen \u00fcber einen einzelnen Menschen an: Handys sammeln Daten \u00fcber den Standort, Datennutzung und Fitness &#8211; \u00dcberwachungskameras dominieren den \u00f6ffentlichen Raum. Doch wie nutzen eigentlich Strafverfolgungsbeh\u00f6rden diese Flut an Informationen? Und wie kann die Politik kontrollierend eingreifen?<\/p>\n","protected":false},"author":1,"featured_media":10906,"comment_status":"closed","ping_status":"closed","sticky":false,"template":"","format":"standard","meta":{"ngg_post_thumbnail":0,"_links_to":"","_links_to_target":""},"categories":[96,495,538,95],"tags":[875,881,877,228,218],"jetpack_featured_media_url":"https:\/\/i0.wp.com\/userpage.fu-berlin.de\/melab\/wordpress\/wp-content\/uploads\/2020\/01\/coding-1841550_1920.jpg?fit=1920%2C1280&ssl=1","_links":{"self":[{"href":"https:\/\/userpage.fu-berlin.de\/melab\/wordpress\/index.php?rest_route=\/wp\/v2\/posts\/10905"}],"collection":[{"href":"https:\/\/userpage.fu-berlin.de\/melab\/wordpress\/index.php?rest_route=\/wp\/v2\/posts"}],"about":[{"href":"https:\/\/userpage.fu-berlin.de\/melab\/wordpress\/index.php?rest_route=\/wp\/v2\/types\/post"}],"author":[{"embeddable":true,"href":"https:\/\/userpage.fu-berlin.de\/melab\/wordpress\/index.php?rest_route=\/wp\/v2\/users\/1"}],"replies":[{"embeddable":true,"href":"https:\/\/userpage.fu-berlin.de\/melab\/wordpress\/index.php?rest_route=%2Fwp%2Fv2%2Fcomments&post=10905"}],"version-history":[{"count":2,"href":"https:\/\/userpage.fu-berlin.de\/melab\/wordpress\/index.php?rest_route=\/wp\/v2\/posts\/10905\/revisions"}],"predecessor-version":[{"id":10910,"href":"https:\/\/userpage.fu-berlin.de\/melab\/wordpress\/index.php?rest_route=\/wp\/v2\/posts\/10905\/revisions\/10910"}],"wp:featuredmedia":[{"embeddable":true,"href":"https:\/\/userpage.fu-berlin.de\/melab\/wordpress\/index.php?rest_route=\/wp\/v2\/media\/10906"}],"wp:attachment":[{"href":"https:\/\/userpage.fu-berlin.de\/melab\/wordpress\/index.php?rest_route=%2Fwp%2Fv2%2Fmedia&parent=10905"}],"wp:term":[{"taxonomy":"category","embeddable":true,"href":"https:\/\/userpage.fu-berlin.de\/melab\/wordpress\/index.php?rest_route=%2Fwp%2Fv2%2Fcategories&post=10905"},{"taxonomy":"post_tag","embeddable":true,"href":"https:\/\/userpage.fu-berlin.de\/melab\/wordpress\/index.php?rest_route=%2Fwp%2Fv2%2Ftags&post=10905"}],"curies":[{"name":"wp","href":"https:\/\/api.w.org\/{rel}","templated":true}]}}