{"id":10778,"date":"2019-07-15T11:21:46","date_gmt":"2019-07-15T09:21:46","guid":{"rendered":"http:\/\/userpage.fu-berlin.de\/melab\/wordpress\/?p=10778"},"modified":"2019-07-17T15:15:31","modified_gmt":"2019-07-17T13:15:31","slug":"aus-dem-keller-gegen-die-diktatur-der-afd-audio","status":"publish","type":"post","link":"https:\/\/userpage.fu-berlin.de\/melab\/wordpress\/?p=10778","title":{"rendered":"Aus dem Keller gegen die Diktatur der AfD (Audio)"},"content":{"rendered":"<p><strong>Deutschland 2039 &#8211; Die AfD ist an der Macht und schr\u00e4nkt zunehmend die Pressefreiheit ein.<br \/>\nAnselm und Cosima f\u00fchren einen Piratensender aus dem Untergrund und berichten \u00fcber die Lage im Land.<br \/>\nAuch beim allem Ernst der Situation vergessen die beiden nicht, Spa\u00df zu haben.<\/strong><!--more--><\/p>\n<!--[if lt IE 9]><script>document.createElement('audio');<\/script><![endif]-->\n<audio class=\"wp-audio-shortcode\" id=\"audio-10778-1\" preload=\"none\" style=\"width: 100%;\" controls=\"controls\"><source type=\"audio\/mpeg\" src=\"http:\/\/userpage.fu-berlin.de\/melab\/wordpress\/wp-content\/uploads\/2019\/07\/Places-and-Voices_f\u00fcr-ALEX_UKW-Untergrund.mp3?_=1\" \/><a href=\"http:\/\/userpage.fu-berlin.de\/melab\/wordpress\/wp-content\/uploads\/2019\/07\/Places-and-Voices_f\u00fcr-ALEX_UKW-Untergrund.mp3\">http:\/\/userpage.fu-berlin.de\/melab\/wordpress\/wp-content\/uploads\/2019\/07\/Places-and-Voices_f\u00fcr-ALEX_UKW-Untergrund.mp3<\/a><\/audio>\n<p><em>Ein Beitrag von Cosima Siegling und Anselm Denfeld<\/em><\/p>\n<p>Ein Beitrag aus &#8222;Places and Voices&#8220;, der H\u00f6rfunksendung des Praxisseminars H\u00f6rfunk im Sommersemester 2019 unter der Leitung von Anja Kretschmer. Die gesamte Sendung lief auf <a href=\"http:\/\/www.alex-berlin.de\/\">ALEX BERLIN<\/a>. <\/p>\n<h5>Ein <a href=\"http:\/\/www.polsoz.fu-berlin.de\/kommwiss\/arbeitsstellen\/journalistik\/lehrprojekte\/index.html\">Projekt<\/a> des <a href=\"http:\/\/www.polsoz.fu-berlin.de\/kommwiss\/\">&#8222;Instituts f\u00fcr Publizistik- und Kommunikationswissenschaft<\/a> der Freien Universit\u00e4t Berlin in Zusammenarbeit mit dem <a href=\"http:\/\/www.miz-babelsberg.de\/home\">Mendeninnovationszentrum Babelsberg (MIZ)<\/a>.<\/h5>\n","protected":false},"excerpt":{"rendered":"<p>Deutschland 2039 &#8211; Die AfD ist an der Macht und schr\u00e4nkt zunehmend die Pressefreiheit ein. Anselm und Cosima f\u00fchren einen Piratensender aus dem Untergrund und berichten \u00fcber die Lage im Land. Auch beim allem Ernst der Situation vergessen die beiden nicht, Spa\u00df zu haben.<\/p>\n","protected":false},"author":1,"featured_media":10792,"comment_status":"closed","ping_status":"closed","sticky":false,"template":"","format":"standard","meta":{"ngg_post_thumbnail":0,"_links_to":"","_links_to_target":""},"categories":[496,539,97],"tags":[847,866,217,355,387],"jetpack_featured_media_url":"https:\/\/i0.wp.com\/userpage.fu-berlin.de\/melab\/wordpress\/wp-content\/uploads\/2019\/07\/IMG_1746.jpg?fit=1280%2C960&ssl=1","_links":{"self":[{"href":"https:\/\/userpage.fu-berlin.de\/melab\/wordpress\/index.php?rest_route=\/wp\/v2\/posts\/10778"}],"collection":[{"href":"https:\/\/userpage.fu-berlin.de\/melab\/wordpress\/index.php?rest_route=\/wp\/v2\/posts"}],"about":[{"href":"https:\/\/userpage.fu-berlin.de\/melab\/wordpress\/index.php?rest_route=\/wp\/v2\/types\/post"}],"author":[{"embeddable":true,"href":"https:\/\/userpage.fu-berlin.de\/melab\/wordpress\/index.php?rest_route=\/wp\/v2\/users\/1"}],"replies":[{"embeddable":true,"href":"https:\/\/userpage.fu-berlin.de\/melab\/wordpress\/index.php?rest_route=%2Fwp%2Fv2%2Fcomments&post=10778"}],"version-history":[{"count":1,"href":"https:\/\/userpage.fu-berlin.de\/melab\/wordpress\/index.php?rest_route=\/wp\/v2\/posts\/10778\/revisions"}],"predecessor-version":[{"id":10781,"href":"https:\/\/userpage.fu-berlin.de\/melab\/wordpress\/index.php?rest_route=\/wp\/v2\/posts\/10778\/revisions\/10781"}],"wp:featuredmedia":[{"embeddable":true,"href":"https:\/\/userpage.fu-berlin.de\/melab\/wordpress\/index.php?rest_route=\/wp\/v2\/media\/10792"}],"wp:attachment":[{"href":"https:\/\/userpage.fu-berlin.de\/melab\/wordpress\/index.php?rest_route=%2Fwp%2Fv2%2Fmedia&parent=10778"}],"wp:term":[{"taxonomy":"category","embeddable":true,"href":"https:\/\/userpage.fu-berlin.de\/melab\/wordpress\/index.php?rest_route=%2Fwp%2Fv2%2Fcategories&post=10778"},{"taxonomy":"post_tag","embeddable":true,"href":"https:\/\/userpage.fu-berlin.de\/melab\/wordpress\/index.php?rest_route=%2Fwp%2Fv2%2Ftags&post=10778"}],"curies":[{"name":"wp","href":"https:\/\/api.w.org\/{rel}","templated":true}]}}